{"id":30790,"date":"2023-05-14T00:05:28","date_gmt":"2023-05-14T00:05:28","guid":{"rendered":"https:\/\/www.elpolitologoyelpolitico.com.ar\/wordpress\/?p=30790"},"modified":"2023-05-14T00:05:29","modified_gmt":"2023-05-14T00:05:29","slug":"el-intendente-zara-recibio-a-referentes-del-club-deportivo-patagones","status":"publish","type":"post","link":"https:\/\/www.elpolitologoyelpolitico.com.ar\/wordpress\/2023\/05\/14\/el-intendente-zara-recibio-a-referentes-del-club-deportivo-patagones\/","title":{"rendered":"El Intendente Zara recibi\u00f3 a referentes del Club Deportivo Patagones"},"content":{"rendered":"\n<p>El Intendente Municipal, Ing. Jos\u00e9 Luis Zara, recibi\u00f3 en su despacho a las autoridades del Club Social y Deportivo Patagones.<\/p>\n\n\n\n<p>Estuvo acompa\u00f1ado por el Secretario de Hacienda, Ricardo Teller\u00eda, y la Directora de Deportes, Eliana Pugnaloni.<\/p>\n\n\n\n<p>En la ocasi\u00f3n, como cada a\u00f1o, los referentes de la entidad deportiva presentaron las proyecciones para el a\u00f1o en curso, entre ellas, los proyectos de infraestructura.<\/p>\n\n\n\n<p>Ambas partes reafirmaron su predisposici\u00f3n para continuar trabajando en conjunto.<\/p>\n\n\n\n<figure class=\"wp-block-image size-large\"><img fetchpriority=\"high\" decoding=\"async\" width=\"1024\" height=\"478\" src=\"https:\/\/www.elpolitologoyelpolitico.com.ar\/wp-content\/uploads\/2023\/05\/IMG-20230513-WA0028-1024x478.jpg\" alt=\"\" class=\"wp-image-30792\" srcset=\"https:\/\/www.elpolitologoyelpolitico.com.ar\/wp-content\/uploads\/2023\/05\/IMG-20230513-WA0028-1024x478.jpg 1024w, https:\/\/www.elpolitologoyelpolitico.com.ar\/wp-content\/uploads\/2023\/05\/IMG-20230513-WA0028-300x140.jpg 300w, https:\/\/www.elpolitologoyelpolitico.com.ar\/wp-content\/uploads\/2023\/05\/IMG-20230513-WA0028-768x358.jpg 768w, https:\/\/www.elpolitologoyelpolitico.com.ar\/wp-content\/uploads\/2023\/05\/IMG-20230513-WA0028.jpg 1280w\" sizes=\"(max-width: 1024px) 100vw, 1024px\" \/><\/figure>\n<div class=\"fb-background-color\">\n\t\t\t  <div \n\t\t\t  \tclass = \"fb-comments\" \n\t\t\t  \tdata-href = \"https:\/\/www.elpolitologoyelpolitico.com.ar\/wordpress\/2023\/05\/14\/el-intendente-zara-recibio-a-referentes-del-club-deportivo-patagones\/\"\n\t\t\t  \tdata-numposts = \"10\"\n\t\t\t  \tdata-lazy = \"true\"\n\t\t\t\tdata-colorscheme = \"light\"\n\t\t\t\tdata-order-by = \"social\"\n\t\t\t\tdata-mobile=true>\n\t\t\t  <\/div><\/div>\n\t\t  <style>\n\t\t    .fb-background-color {\n\t\t\t\tbackground: #ffffff !important;\n\t\t\t}\n\t\t\t.fb_iframe_widget_fluid_desktop iframe {\n\t\t\t    width: 100% !important;\n\t\t\t}\n\t\t  <\/style>\n\t\t  ","protected":false},"excerpt":{"rendered":"<p>El Intendente Municipal, Ing. Jos\u00e9 Luis Zara, recibi\u00f3 en su despacho a las autoridades del Club Social y Deportivo Patagones. Estuvo acompa\u00f1ado por el Secretario de Hacienda, Ricardo Teller\u00eda, y la Directora de Deportes, Eliana Pugnaloni. En la ocasi\u00f3n, como cada a\u00f1o, los referentes de la entidad deportiva presentaron las proyecciones para el a\u00f1o en [&hellip;]<\/p>\n","protected":false},"author":4,"featured_media":30791,"comment_status":"closed","ping_status":"closed","sticky":false,"template":"","format":"standard","meta":{"_joinchat":[],"footnotes":""},"categories":[39],"tags":[],"class_list":["post-30790","post","type-post","status-publish","format-standard","has-post-thumbnail","hentry","category-en-esta-seccion"],"_links":{"self":[{"href":"https:\/\/www.elpolitologoyelpolitico.com.ar\/wordpress\/wp-json\/wp\/v2\/posts\/30790","targetHints":{"allow":["GET"]}}],"collection":[{"href":"https:\/\/www.elpolitologoyelpolitico.com.ar\/wordpress\/wp-json\/wp\/v2\/posts"}],"about":[{"href":"https:\/\/www.elpolitologoyelpolitico.com.ar\/wordpress\/wp-json\/wp\/v2\/types\/post"}],"author":[{"embeddable":true,"href":"https:\/\/www.elpolitologoyelpolitico.com.ar\/wordpress\/wp-json\/wp\/v2\/users\/4"}],"replies":[{"embeddable":true,"href":"https:\/\/www.elpolitologoyelpolitico.com.ar\/wordpress\/wp-json\/wp\/v2\/comments?post=30790"}],"version-history":[{"count":0,"href":"https:\/\/www.elpolitologoyelpolitico.com.ar\/wordpress\/wp-json\/wp\/v2\/posts\/30790\/revisions"}],"wp:featuredmedia":[{"embeddable":true,"href":"https:\/\/www.elpolitologoyelpolitico.com.ar\/wordpress\/wp-json\/wp\/v2\/media\/30791"}],"wp:attachment":[{"href":"https:\/\/www.elpolitologoyelpolitico.com.ar\/wordpress\/wp-json\/wp\/v2\/media?parent=30790"}],"wp:term":[{"taxonomy":"category","embeddable":true,"href":"https:\/\/www.elpolitologoyelpolitico.com.ar\/wordpress\/wp-json\/wp\/v2\/categories?post=30790"},{"taxonomy":"post_tag","embeddable":true,"href":"https:\/\/www.elpolitologoyelpolitico.com.ar\/wordpress\/wp-json\/wp\/v2\/tags?post=30790"}],"curies":[{"name":"wp","href":"https:\/\/api.w.org\/{rel}","templated":true}]}}