{"id":30786,"date":"2023-05-13T23:53:55","date_gmt":"2023-05-13T23:53:55","guid":{"rendered":"https:\/\/www.elpolitologoyelpolitico.com.ar\/wordpress\/?p=30786"},"modified":"2023-05-13T23:53:56","modified_gmt":"2023-05-13T23:53:56","slug":"cuidar-las-obras-que-impulsan-el-turismo-es-un-compromiso-compartido","status":"publish","type":"post","link":"https:\/\/www.elpolitologoyelpolitico.com.ar\/wordpress\/2023\/05\/13\/cuidar-las-obras-que-impulsan-el-turismo-es-un-compromiso-compartido\/","title":{"rendered":"Cuidar las obras que impulsan el turismo es un compromiso compartido"},"content":{"rendered":"\n<p>Durante esta semana, el cartel institucional de R\u00edo Negro, colocado en uno de los miradores Balcones del Mar, result\u00f3 vandalizado con escritos. La estructura ubicada en la bajada de Echandi (Viedma), sufre reiterados da\u00f1os desde su instalaci\u00f3n.<\/p>\n\n\n\n<p>En esta ocasi\u00f3n, los hechos tuvieron lugar en el mirador de la bajada Echandi, sobre la Ruta provincial N\u00b01 (Camino de la Costa), entre La Lober\u00eda y Bah\u00eda Creek, en jurisdicci\u00f3n de Viedma.<\/p>\n\n\n\n<p>All\u00ed los carteles met\u00e1licos, identificatorios con la inscripci\u00f3n RN, aparecieron rayados.<\/p>\n\n\n\n<p>Por tal motivo, el Ministerio de Turismo y Deporte repudia estos actos de vandalismo que atentan contra los bienes de la comunidad.<\/p>\n\n\n\n<p>Lamentablemente no es la primera de las exposiciones, ya que durante el a\u00f1o pasado, luego de que algunas partes del mirador fuera arrancado de la estructura producto de fuertes vientos, tambi\u00e9n se detectaron robos de tirantes de la estructura.<\/p>\n\n\n\n<p>El organismo provincial informa que las refacciones de esta obra tiene un avance del 80% y est\u00e1n pr\u00f3ximas a quedar totalmente funcionales.<\/p>\n\n\n\n<p>A su vez, el organismo tambi\u00e9n invita a la poblaci\u00f3n a colaborar en el cuidado, conservaci\u00f3n y limpieza de los recursos tur\u00edsticos y bienes p\u00fablicos, ya que son utilizados tanto por locales como por visitantes y que tienen una gran importancia para la Regi\u00f3n. De esta forma, se garantiza la preservaci\u00f3n en el tiempo de los espacios de playa y se genera un positivo impacto tanto en la sociedad como en el medio ambiente.<\/p>\n\n\n\n<p>Los Balcones del Mar son cuatro miradores ubicados en El Espig\u00f3n, Bah\u00eda Rosas, Bajada Echandi y Bah\u00eda Creek ejecutaron mediante fondos de infraestructura tur\u00edstica provistos por el Ministerio de Turismo y Deporte de R\u00edo Negro, y que, una vez finalizados, permitir\u00e1n vislumbrar desde una perspectiva \u00fanica las maravillas que poseen las playas de la zona y las costas del Oceano Atl\u00e1ntico.<\/p>\n\n\n\n<figure class=\"wp-block-image size-large\"><img fetchpriority=\"high\" decoding=\"async\" width=\"1024\" height=\"770\" src=\"https:\/\/www.elpolitologoyelpolitico.com.ar\/wp-content\/uploads\/2023\/05\/IMG-20230513-WA0017-1024x770.jpg\" alt=\"\" class=\"wp-image-30788\" srcset=\"https:\/\/www.elpolitologoyelpolitico.com.ar\/wp-content\/uploads\/2023\/05\/IMG-20230513-WA0017-1024x770.jpg 1024w, https:\/\/www.elpolitologoyelpolitico.com.ar\/wp-content\/uploads\/2023\/05\/IMG-20230513-WA0017-300x226.jpg 300w, https:\/\/www.elpolitologoyelpolitico.com.ar\/wp-content\/uploads\/2023\/05\/IMG-20230513-WA0017-768x578.jpg 768w, https:\/\/www.elpolitologoyelpolitico.com.ar\/wp-content\/uploads\/2023\/05\/IMG-20230513-WA0017.jpg 1280w\" sizes=\"(max-width: 1024px) 100vw, 1024px\" \/><\/figure>\n<div class=\"fb-background-color\">\n\t\t\t  <div \n\t\t\t  \tclass = \"fb-comments\" \n\t\t\t  \tdata-href = \"https:\/\/www.elpolitologoyelpolitico.com.ar\/wordpress\/2023\/05\/13\/cuidar-las-obras-que-impulsan-el-turismo-es-un-compromiso-compartido\/\"\n\t\t\t  \tdata-numposts = \"10\"\n\t\t\t  \tdata-lazy = \"true\"\n\t\t\t\tdata-colorscheme = \"light\"\n\t\t\t\tdata-order-by = \"social\"\n\t\t\t\tdata-mobile=true>\n\t\t\t  <\/div><\/div>\n\t\t  <style>\n\t\t    .fb-background-color {\n\t\t\t\tbackground: #ffffff !important;\n\t\t\t}\n\t\t\t.fb_iframe_widget_fluid_desktop iframe {\n\t\t\t    width: 100% !important;\n\t\t\t}\n\t\t  <\/style>\n\t\t  ","protected":false},"excerpt":{"rendered":"<p>Durante esta semana, el cartel institucional de R\u00edo Negro, colocado en uno de los miradores Balcones del Mar, result\u00f3 vandalizado con escritos. La estructura ubicada en la bajada de Echandi (Viedma), sufre reiterados da\u00f1os desde su instalaci\u00f3n. En esta ocasi\u00f3n, los hechos tuvieron lugar en el mirador de la bajada Echandi, sobre la Ruta provincial [&hellip;]<\/p>\n","protected":false},"author":4,"featured_media":30787,"comment_status":"closed","ping_status":"closed","sticky":false,"template":"","format":"standard","meta":{"_joinchat":[],"footnotes":""},"categories":[4],"tags":[],"class_list":["post-30786","post","type-post","status-publish","format-standard","has-post-thumbnail","hentry","category-politicas-publicas"],"_links":{"self":[{"href":"https:\/\/www.elpolitologoyelpolitico.com.ar\/wordpress\/wp-json\/wp\/v2\/posts\/30786","targetHints":{"allow":["GET"]}}],"collection":[{"href":"https:\/\/www.elpolitologoyelpolitico.com.ar\/wordpress\/wp-json\/wp\/v2\/posts"}],"about":[{"href":"https:\/\/www.elpolitologoyelpolitico.com.ar\/wordpress\/wp-json\/wp\/v2\/types\/post"}],"author":[{"embeddable":true,"href":"https:\/\/www.elpolitologoyelpolitico.com.ar\/wordpress\/wp-json\/wp\/v2\/users\/4"}],"replies":[{"embeddable":true,"href":"https:\/\/www.elpolitologoyelpolitico.com.ar\/wordpress\/wp-json\/wp\/v2\/comments?post=30786"}],"version-history":[{"count":0,"href":"https:\/\/www.elpolitologoyelpolitico.com.ar\/wordpress\/wp-json\/wp\/v2\/posts\/30786\/revisions"}],"wp:featuredmedia":[{"embeddable":true,"href":"https:\/\/www.elpolitologoyelpolitico.com.ar\/wordpress\/wp-json\/wp\/v2\/media\/30787"}],"wp:attachment":[{"href":"https:\/\/www.elpolitologoyelpolitico.com.ar\/wordpress\/wp-json\/wp\/v2\/media?parent=30786"}],"wp:term":[{"taxonomy":"category","embeddable":true,"href":"https:\/\/www.elpolitologoyelpolitico.com.ar\/wordpress\/wp-json\/wp\/v2\/categories?post=30786"},{"taxonomy":"post_tag","embeddable":true,"href":"https:\/\/www.elpolitologoyelpolitico.com.ar\/wordpress\/wp-json\/wp\/v2\/tags?post=30786"}],"curies":[{"name":"wp","href":"https:\/\/api.w.org\/{rel}","templated":true}]}}