{"id":30781,"date":"2023-05-13T23:41:34","date_gmt":"2023-05-13T23:41:34","guid":{"rendered":"https:\/\/www.elpolitologoyelpolitico.com.ar\/wordpress\/?p=30781"},"modified":"2023-05-13T23:41:35","modified_gmt":"2023-05-13T23:41:35","slug":"nuevo-envio-de-material-reciclable-desde-el-girsu-patagonico","status":"publish","type":"post","link":"https:\/\/www.elpolitologoyelpolitico.com.ar\/wordpress\/2023\/05\/13\/nuevo-envio-de-material-reciclable-desde-el-girsu-patagonico\/","title":{"rendered":"Nuevo env\u00edo de material reciclable desde el GIRSU Patag\u00f3nico"},"content":{"rendered":"\n<p>Una vez m\u00e1s Patagones es parte de un env\u00edo de materiales reciclables para su reutilizaci\u00f3n, en el marco de Plan de Gesti\u00f3n de Residuos S\u00f3lidos Urbanos, que se ejecuta en conjunto con las localidades de Viedma y San Javier.<\/p>\n\n\n\n<p>En esta oportunidad, se enviaron 28.860 kilos de cart\u00f3n, producto de la separaci\u00f3n de los residuos que los vecinos realizan en sus casas, contribuyendo as\u00ed al cuidado del medio ambiente.<\/p>\n\n\n\n<p>Cabe se\u00f1alar que Patagones cuenta, en distintos puntos estrat\u00e9gicos, denominados \u00abPuntos Limpios\u00bb, se\u00f1alizados para la efectiva separaci\u00f3n de los residuos.<\/p>\n\n\n\n<figure class=\"wp-block-gallery has-nested-images columns-default is-cropped wp-block-gallery-1 is-layout-flex wp-block-gallery-is-layout-flex\">\n<figure class=\"wp-block-image size-large\"><img fetchpriority=\"high\" decoding=\"async\" width=\"719\" height=\"899\" data-id=\"30784\" src=\"https:\/\/www.elpolitologoyelpolitico.com.ar\/wp-content\/uploads\/2023\/05\/IMG-20230513-WA0015.jpg\" alt=\"\" class=\"wp-image-30784\" srcset=\"https:\/\/www.elpolitologoyelpolitico.com.ar\/wp-content\/uploads\/2023\/05\/IMG-20230513-WA0015.jpg 719w, https:\/\/www.elpolitologoyelpolitico.com.ar\/wp-content\/uploads\/2023\/05\/IMG-20230513-WA0015-240x300.jpg 240w\" sizes=\"(max-width: 719px) 100vw, 719px\" \/><\/figure>\n\n\n\n<figure class=\"wp-block-image size-large\"><img decoding=\"async\" width=\"575\" height=\"719\" data-id=\"30783\" src=\"https:\/\/www.elpolitologoyelpolitico.com.ar\/wp-content\/uploads\/2023\/05\/IMG-20230513-WA0016.jpg\" alt=\"\" class=\"wp-image-30783\" srcset=\"https:\/\/www.elpolitologoyelpolitico.com.ar\/wp-content\/uploads\/2023\/05\/IMG-20230513-WA0016.jpg 575w, https:\/\/www.elpolitologoyelpolitico.com.ar\/wp-content\/uploads\/2023\/05\/IMG-20230513-WA0016-240x300.jpg 240w\" sizes=\"(max-width: 575px) 100vw, 575px\" \/><\/figure>\n<\/figure>\n<div class=\"fb-background-color\">\n\t\t\t  <div \n\t\t\t  \tclass = \"fb-comments\" \n\t\t\t  \tdata-href = \"https:\/\/www.elpolitologoyelpolitico.com.ar\/wordpress\/2023\/05\/13\/nuevo-envio-de-material-reciclable-desde-el-girsu-patagonico\/\"\n\t\t\t  \tdata-numposts = \"10\"\n\t\t\t  \tdata-lazy = \"true\"\n\t\t\t\tdata-colorscheme = \"light\"\n\t\t\t\tdata-order-by = \"social\"\n\t\t\t\tdata-mobile=true>\n\t\t\t  <\/div><\/div>\n\t\t  <style>\n\t\t    .fb-background-color {\n\t\t\t\tbackground: #ffffff !important;\n\t\t\t}\n\t\t\t.fb_iframe_widget_fluid_desktop iframe {\n\t\t\t    width: 100% !important;\n\t\t\t}\n\t\t  <\/style>\n\t\t  ","protected":false},"excerpt":{"rendered":"<p>Una vez m\u00e1s Patagones es parte de un env\u00edo de materiales reciclables para su reutilizaci\u00f3n, en el marco de Plan de Gesti\u00f3n de Residuos S\u00f3lidos Urbanos, que se ejecuta en conjunto con las localidades de Viedma y San Javier. En esta oportunidad, se enviaron 28.860 kilos de cart\u00f3n, producto de la separaci\u00f3n de los residuos [&hellip;]<\/p>\n","protected":false},"author":4,"featured_media":30782,"comment_status":"closed","ping_status":"closed","sticky":false,"template":"","format":"standard","meta":{"_joinchat":[],"footnotes":""},"categories":[4],"tags":[],"class_list":["post-30781","post","type-post","status-publish","format-standard","has-post-thumbnail","hentry","category-politicas-publicas"],"_links":{"self":[{"href":"https:\/\/www.elpolitologoyelpolitico.com.ar\/wordpress\/wp-json\/wp\/v2\/posts\/30781","targetHints":{"allow":["GET"]}}],"collection":[{"href":"https:\/\/www.elpolitologoyelpolitico.com.ar\/wordpress\/wp-json\/wp\/v2\/posts"}],"about":[{"href":"https:\/\/www.elpolitologoyelpolitico.com.ar\/wordpress\/wp-json\/wp\/v2\/types\/post"}],"author":[{"embeddable":true,"href":"https:\/\/www.elpolitologoyelpolitico.com.ar\/wordpress\/wp-json\/wp\/v2\/users\/4"}],"replies":[{"embeddable":true,"href":"https:\/\/www.elpolitologoyelpolitico.com.ar\/wordpress\/wp-json\/wp\/v2\/comments?post=30781"}],"version-history":[{"count":0,"href":"https:\/\/www.elpolitologoyelpolitico.com.ar\/wordpress\/wp-json\/wp\/v2\/posts\/30781\/revisions"}],"wp:featuredmedia":[{"embeddable":true,"href":"https:\/\/www.elpolitologoyelpolitico.com.ar\/wordpress\/wp-json\/wp\/v2\/media\/30782"}],"wp:attachment":[{"href":"https:\/\/www.elpolitologoyelpolitico.com.ar\/wordpress\/wp-json\/wp\/v2\/media?parent=30781"}],"wp:term":[{"taxonomy":"category","embeddable":true,"href":"https:\/\/www.elpolitologoyelpolitico.com.ar\/wordpress\/wp-json\/wp\/v2\/categories?post=30781"},{"taxonomy":"post_tag","embeddable":true,"href":"https:\/\/www.elpolitologoyelpolitico.com.ar\/wordpress\/wp-json\/wp\/v2\/tags?post=30781"}],"curies":[{"name":"wp","href":"https:\/\/api.w.org\/{rel}","templated":true}]}}