{"id":30778,"date":"2023-05-13T19:58:44","date_gmt":"2023-05-13T19:58:44","guid":{"rendered":"https:\/\/www.elpolitologoyelpolitico.com.ar\/wordpress\/?p=30778"},"modified":"2023-05-13T19:58:44","modified_gmt":"2023-05-13T19:58:44","slug":"inscripciones-abiertas-para-la-2da-edicion-del-encuentro-de-jovenes-con-el-arte-asomarte-2","status":"publish","type":"post","link":"https:\/\/www.elpolitologoyelpolitico.com.ar\/wordpress\/2023\/05\/13\/inscripciones-abiertas-para-la-2da-edicion-del-encuentro-de-jovenes-con-el-arte-asomarte-2\/","title":{"rendered":"Inscripciones abiertas para la 2da edici\u00f3n del encuentro de j\u00f3venes con el arte \u201cAsomArte\u201d"},"content":{"rendered":"\n<p>Del 31 de mayo al 4 de junio el gobierno de Viedma llevar\u00e1 adelante la segunda edici\u00f3n del encuentro de j\u00f3venes con el arte AsomArte en el Centro Municipal de Cultura.&nbsp;<\/p>\n\n\n\n<p>El encuentro est\u00e1 destinado a adolescentes de entre 13 y 18 a\u00f1os que quieran exponer su arte a trav\u00e9s del canto, del dibujo, la narraci\u00f3n con exposiciones, escenario abierto, espect\u00e1culos y talleres culturales.<\/p>\n\n\n\n<p>Las consultas e inscripciones pueden realizarse al mail:&nbsp;asomartecultura@gmail.com<br>Despu\u00e9s de una exitosa primera edici\u00f3n de AsomArte en 2022, se ha evaluado y trabajado para volver a permitir esta actividad que visibiliza la rica experimentaci\u00f3n protagonizada por los j\u00f3venes de nuestra comunidad.<\/p>\n\n\n\n<p>Este encuentro invita a observar y dar identidad, lugar, afecto, b\u00fasqueda, escucha atenta y encuentro a trav\u00e9s de los diferentes lenguajes art\u00edsticos.<\/p>\n\n\n\n<p>Esta nueva edici\u00f3n es organizada y coordinada por el Gobierno de Viedma a trav\u00e9s del equipo docente de la Subsecretar\u00eda de Cultura, con la participaci\u00f3n de diversos participantes, entidades culturales y comunitarias de nuestra ciudad.<\/p>\n<div class=\"fb-background-color\">\n\t\t\t  <div \n\t\t\t  \tclass = \"fb-comments\" \n\t\t\t  \tdata-href = \"https:\/\/www.elpolitologoyelpolitico.com.ar\/wordpress\/2023\/05\/13\/inscripciones-abiertas-para-la-2da-edicion-del-encuentro-de-jovenes-con-el-arte-asomarte-2\/\"\n\t\t\t  \tdata-numposts = \"10\"\n\t\t\t  \tdata-lazy = \"true\"\n\t\t\t\tdata-colorscheme = \"light\"\n\t\t\t\tdata-order-by = \"social\"\n\t\t\t\tdata-mobile=true>\n\t\t\t  <\/div><\/div>\n\t\t  <style>\n\t\t    .fb-background-color {\n\t\t\t\tbackground: #ffffff !important;\n\t\t\t}\n\t\t\t.fb_iframe_widget_fluid_desktop iframe {\n\t\t\t    width: 100% !important;\n\t\t\t}\n\t\t  <\/style>\n\t\t  ","protected":false},"excerpt":{"rendered":"<p>Del 31 de mayo al 4 de junio el gobierno de Viedma llevar\u00e1 adelante la segunda edici\u00f3n del encuentro de j\u00f3venes con el arte AsomArte en el Centro Municipal de Cultura.&nbsp; El encuentro est\u00e1 destinado a adolescentes de entre 13 y 18 a\u00f1os que quieran exponer su arte a trav\u00e9s del canto, del dibujo, la [&hellip;]<\/p>\n","protected":false},"author":4,"featured_media":30779,"comment_status":"closed","ping_status":"closed","sticky":false,"template":"","format":"standard","meta":{"_joinchat":[],"footnotes":""},"categories":[39],"tags":[],"class_list":["post-30778","post","type-post","status-publish","format-standard","has-post-thumbnail","hentry","category-en-esta-seccion"],"_links":{"self":[{"href":"https:\/\/www.elpolitologoyelpolitico.com.ar\/wordpress\/wp-json\/wp\/v2\/posts\/30778","targetHints":{"allow":["GET"]}}],"collection":[{"href":"https:\/\/www.elpolitologoyelpolitico.com.ar\/wordpress\/wp-json\/wp\/v2\/posts"}],"about":[{"href":"https:\/\/www.elpolitologoyelpolitico.com.ar\/wordpress\/wp-json\/wp\/v2\/types\/post"}],"author":[{"embeddable":true,"href":"https:\/\/www.elpolitologoyelpolitico.com.ar\/wordpress\/wp-json\/wp\/v2\/users\/4"}],"replies":[{"embeddable":true,"href":"https:\/\/www.elpolitologoyelpolitico.com.ar\/wordpress\/wp-json\/wp\/v2\/comments?post=30778"}],"version-history":[{"count":0,"href":"https:\/\/www.elpolitologoyelpolitico.com.ar\/wordpress\/wp-json\/wp\/v2\/posts\/30778\/revisions"}],"wp:featuredmedia":[{"embeddable":true,"href":"https:\/\/www.elpolitologoyelpolitico.com.ar\/wordpress\/wp-json\/wp\/v2\/media\/30779"}],"wp:attachment":[{"href":"https:\/\/www.elpolitologoyelpolitico.com.ar\/wordpress\/wp-json\/wp\/v2\/media?parent=30778"}],"wp:term":[{"taxonomy":"category","embeddable":true,"href":"https:\/\/www.elpolitologoyelpolitico.com.ar\/wordpress\/wp-json\/wp\/v2\/categories?post=30778"},{"taxonomy":"post_tag","embeddable":true,"href":"https:\/\/www.elpolitologoyelpolitico.com.ar\/wordpress\/wp-json\/wp\/v2\/tags?post=30778"}],"curies":[{"name":"wp","href":"https:\/\/api.w.org\/{rel}","templated":true}]}}