{"id":30774,"date":"2023-05-13T19:42:51","date_gmt":"2023-05-13T19:42:51","guid":{"rendered":"https:\/\/www.elpolitologoyelpolitico.com.ar\/wordpress\/?p=30774"},"modified":"2023-05-13T19:42:52","modified_gmt":"2023-05-13T19:42:52","slug":"inflacion-que-fue-lo-que-mas-aumento-y-que-la-gente-debe-saber","status":"publish","type":"post","link":"https:\/\/www.elpolitologoyelpolitico.com.ar\/wordpress\/2023\/05\/13\/inflacion-que-fue-lo-que-mas-aumento-y-que-la-gente-debe-saber\/","title":{"rendered":"Inflaci\u00f3n: \u00bfQu\u00e9 fue lo que mas aument\u00f3 y que la gente debe saber? \u00a0"},"content":{"rendered":"\n<p><br>Educaci\u00f3n y Alimentos y bebidas son los segmentos que m\u00e1s avanzaron en lo que va del a\u00f1o; el alza de precios desde diciembre de 2019 es de 428%<br>\u00a0<br>Un informe de la Facultad de Ciencias Econ\u00f3micas de la Universidad de Buenos Aires revel\u00f3 esta semana que\u00a0la inflaci\u00f3n en alimentos alcanzar\u00eda el 197% de continuar el ritmo actual de subas.<br>\u00a0<br>La aceleraci\u00f3n en los precios impacta en todos los\u00a0rubros, aunque en algunos lo hace con m\u00e1s virulencia por distintos motivos. Uno de ellos es, por ejemplo, los servicios regulados que se encuentran atrasados. Lo cierto es que la acumulaci\u00f3n de incrementos en los primeros tres meses del a\u00f1o da cuenta de distintos\u00a0impactos de acuerdo a los sectores que mide el Indec, que ayer public\u00f3 el dato mensual y arroj\u00f3 un alza general de precios de 8,4% en abril.<br>\u00a0<br>Prendas de vestir y calzado encabez\u00f3 el ranking\u00a0con 10,8% de suba. Le sigui\u00f3 Alimentos y bebidas no alcoh\u00f3licas, con 10,1%. En los siguientes tres puestos se ubicaron Restaurantes y hoteles (9,9%); Equipamiento y mantenimiento del hogar (8,6%) y Recreaci\u00f3n y cultura (7,5%). Luego estuvieron Bienes y servicios varios y Salud, ambos con 6,6%; Transporte (6,5%); Comunicaci\u00f3n (6,3%); Vivienda, agua, electricidad y otros combustibles (5,6%); Educaci\u00f3n (5%), y Bebidas alcoh\u00f3licas y tabaco (3,8%).<br>\u00a0<br>En esta l\u00ednea, hasta el cuarto mes del a\u00f1o, el rubro que lider\u00f3 la suba en t\u00e9rminos de inflaci\u00f3n acumulada fue\u00a0Educaci\u00f3n, que avanz\u00f3 41,3% a nivel nacional\u00a0(en la Patagonia, por caso, fue de 55,3% en ese mes).<br>\u00a0<br>Esto se debe, sobre todo, al incremento a nivel nacional de 29,1% en marzo, dados los incrementos que se concentran en el comienzo del ciclo lectivo. En segundo lugar estuvo\u00a0Alimentos y bebidas no alcoh\u00f3licas, que en abril avanz\u00f3 10,8% y acumula un alza de 41,2% en el a\u00f1o.\u00a0Debido a la incidencia en el \u00edndice general y a la sensibilidad que genera en el bolsillo, es uno de los rubros que m\u00e1s preocupa.<\/p>\n\n\n\n<figure class=\"wp-block-image size-full is-resized\"><img fetchpriority=\"high\" decoding=\"async\" src=\"https:\/\/www.elpolitologoyelpolitico.com.ar\/wp-content\/uploads\/2023\/05\/IMG-20230513-WA0011.jpg\" alt=\"\" class=\"wp-image-30776\" width=\"678\" height=\"604\" srcset=\"https:\/\/www.elpolitologoyelpolitico.com.ar\/wp-content\/uploads\/2023\/05\/IMG-20230513-WA0011.jpg 640w, https:\/\/www.elpolitologoyelpolitico.com.ar\/wp-content\/uploads\/2023\/05\/IMG-20230513-WA0011-300x267.jpg 300w\" sizes=\"(max-width: 678px) 100vw, 678px\" \/><\/figure>\n<div class=\"fb-background-color\">\n\t\t\t  <div \n\t\t\t  \tclass = \"fb-comments\" \n\t\t\t  \tdata-href = \"https:\/\/www.elpolitologoyelpolitico.com.ar\/wordpress\/2023\/05\/13\/inflacion-que-fue-lo-que-mas-aumento-y-que-la-gente-debe-saber\/\"\n\t\t\t  \tdata-numposts = \"10\"\n\t\t\t  \tdata-lazy = \"true\"\n\t\t\t\tdata-colorscheme = \"light\"\n\t\t\t\tdata-order-by = \"social\"\n\t\t\t\tdata-mobile=true>\n\t\t\t  <\/div><\/div>\n\t\t  <style>\n\t\t    .fb-background-color {\n\t\t\t\tbackground: #ffffff !important;\n\t\t\t}\n\t\t\t.fb_iframe_widget_fluid_desktop iframe {\n\t\t\t    width: 100% !important;\n\t\t\t}\n\t\t  <\/style>\n\t\t  ","protected":false},"excerpt":{"rendered":"<p>Educaci\u00f3n y Alimentos y bebidas son los segmentos que m\u00e1s avanzaron en lo que va del a\u00f1o; el alza de precios desde diciembre de 2019 es de 428%\u00a0Un informe de la Facultad de Ciencias Econ\u00f3micas de la Universidad de Buenos Aires revel\u00f3 esta semana que\u00a0la inflaci\u00f3n en alimentos alcanzar\u00eda el 197% de continuar el ritmo [&hellip;]<\/p>\n","protected":false},"author":4,"featured_media":30775,"comment_status":"closed","ping_status":"closed","sticky":false,"template":"","format":"standard","meta":{"_joinchat":[],"footnotes":""},"categories":[39],"tags":[],"class_list":["post-30774","post","type-post","status-publish","format-standard","has-post-thumbnail","hentry","category-en-esta-seccion"],"_links":{"self":[{"href":"https:\/\/www.elpolitologoyelpolitico.com.ar\/wordpress\/wp-json\/wp\/v2\/posts\/30774","targetHints":{"allow":["GET"]}}],"collection":[{"href":"https:\/\/www.elpolitologoyelpolitico.com.ar\/wordpress\/wp-json\/wp\/v2\/posts"}],"about":[{"href":"https:\/\/www.elpolitologoyelpolitico.com.ar\/wordpress\/wp-json\/wp\/v2\/types\/post"}],"author":[{"embeddable":true,"href":"https:\/\/www.elpolitologoyelpolitico.com.ar\/wordpress\/wp-json\/wp\/v2\/users\/4"}],"replies":[{"embeddable":true,"href":"https:\/\/www.elpolitologoyelpolitico.com.ar\/wordpress\/wp-json\/wp\/v2\/comments?post=30774"}],"version-history":[{"count":0,"href":"https:\/\/www.elpolitologoyelpolitico.com.ar\/wordpress\/wp-json\/wp\/v2\/posts\/30774\/revisions"}],"wp:featuredmedia":[{"embeddable":true,"href":"https:\/\/www.elpolitologoyelpolitico.com.ar\/wordpress\/wp-json\/wp\/v2\/media\/30775"}],"wp:attachment":[{"href":"https:\/\/www.elpolitologoyelpolitico.com.ar\/wordpress\/wp-json\/wp\/v2\/media?parent=30774"}],"wp:term":[{"taxonomy":"category","embeddable":true,"href":"https:\/\/www.elpolitologoyelpolitico.com.ar\/wordpress\/wp-json\/wp\/v2\/categories?post=30774"},{"taxonomy":"post_tag","embeddable":true,"href":"https:\/\/www.elpolitologoyelpolitico.com.ar\/wordpress\/wp-json\/wp\/v2\/tags?post=30774"}],"curies":[{"name":"wp","href":"https:\/\/api.w.org\/{rel}","templated":true}]}}