{"id":30769,"date":"2023-05-13T13:48:24","date_gmt":"2023-05-13T13:48:24","guid":{"rendered":"https:\/\/www.elpolitologoyelpolitico.com.ar\/wordpress\/?p=30769"},"modified":"2023-05-13T13:48:25","modified_gmt":"2023-05-13T13:48:25","slug":"el-intendente-zara-recibio-a-la-comision-de-fomento-y-vecinos-del-barrio-el-progreso","status":"publish","type":"post","link":"https:\/\/www.elpolitologoyelpolitico.com.ar\/wordpress\/2023\/05\/13\/el-intendente-zara-recibio-a-la-comision-de-fomento-y-vecinos-del-barrio-el-progreso\/","title":{"rendered":"El Intendente Zara recibi\u00f3 a la Comisi\u00f3n de Fomento y vecinos del barrio El Progreso"},"content":{"rendered":"\n<p>El Intendente Municipal, Ing. Jos\u00e9 Luis Zara, recibi\u00f3 este jueves en su despacho a los integrantes de la Comisi\u00f3n de Fomento y vecinos del barrio El Progreso, de Carmen de Patagones.<\/p>\n\n\n\n<p>Junto a funcionarios del gabinete municipal, el jefe comunal abord\u00f3 varios temas expuestos por los vecinos, entre ellos la solicitud de un espacio para construir la sede barrial, cuesti\u00f3n que ya est\u00e1 siendo analizada para dar respuesta a la brevedad.<\/p>\n\n\n\n<p>Durante el encuentro se destac\u00f3 la instalaci\u00f3n de las c\u00e1maras de videovigilancia, que, de acuerdo a lo manifestado por las familias, otorga mayor seguridad en el sector.<\/p>\n\n\n\n<p>Por otra parte, los vecinos hablaron sobre la reconversi\u00f3n lum\u00ednica en el barrio, donde se instalar\u00e1n, en los pr\u00f3ximos d\u00edas, artefactos de LED, y agregaron tambi\u00e9n la necesidad de optimizar la iluminaci\u00f3n en el Boulevard Celedonio Miguel, especialmente en la zona del Polideportivo Municipal.<\/p>\n\n\n\n<p>Luego, destacaron los trabajos que realizan en conjunto el \u00e1rea de H\u00e1bitat y la Subsecretar\u00eda de Desarrollo Territorial para la instalaci\u00f3n del riego en la plaza.<\/p>\n\n\n\n<p>Asimismo, acordaron realizar la revisi\u00f3n del cord\u00f3n cuneta en el barrio y avanzar en la obra de veredas sobre la calle Celedonio Miguel, la cual abarca la Escuela Spegazzini.<\/p>\n\n\n\n<p>Para finalizar, se comprometi\u00f3 la poda de especies arb\u00f3reas que complican el desag\u00fce en algunos sectores del barrio.<\/p>\n\n\n\n<figure class=\"wp-block-gallery has-nested-images columns-default is-cropped wp-block-gallery-1 is-layout-flex wp-block-gallery-is-layout-flex\">\n<figure class=\"wp-block-image size-large\"><img fetchpriority=\"high\" decoding=\"async\" width=\"1024\" height=\"682\" data-id=\"30771\" src=\"https:\/\/www.elpolitologoyelpolitico.com.ar\/wp-content\/uploads\/2023\/05\/IMG-20230513-WA0007-1024x682.jpg\" alt=\"\" class=\"wp-image-30771\" srcset=\"https:\/\/www.elpolitologoyelpolitico.com.ar\/wp-content\/uploads\/2023\/05\/IMG-20230513-WA0007-1024x682.jpg 1024w, https:\/\/www.elpolitologoyelpolitico.com.ar\/wp-content\/uploads\/2023\/05\/IMG-20230513-WA0007-300x200.jpg 300w, https:\/\/www.elpolitologoyelpolitico.com.ar\/wp-content\/uploads\/2023\/05\/IMG-20230513-WA0007-768x512.jpg 768w, https:\/\/www.elpolitologoyelpolitico.com.ar\/wp-content\/uploads\/2023\/05\/IMG-20230513-WA0007-1536x1023.jpg 1536w, https:\/\/www.elpolitologoyelpolitico.com.ar\/wp-content\/uploads\/2023\/05\/IMG-20230513-WA0007.jpg 1600w\" sizes=\"(max-width: 1024px) 100vw, 1024px\" \/><\/figure>\n\n\n\n<figure class=\"wp-block-image size-large\"><img decoding=\"async\" width=\"1024\" height=\"682\" data-id=\"30772\" src=\"https:\/\/www.elpolitologoyelpolitico.com.ar\/wp-content\/uploads\/2023\/05\/IMG-20230513-WA0005-1024x682.jpg\" alt=\"\" class=\"wp-image-30772\" srcset=\"https:\/\/www.elpolitologoyelpolitico.com.ar\/wp-content\/uploads\/2023\/05\/IMG-20230513-WA0005-1024x682.jpg 1024w, https:\/\/www.elpolitologoyelpolitico.com.ar\/wp-content\/uploads\/2023\/05\/IMG-20230513-WA0005-300x200.jpg 300w, https:\/\/www.elpolitologoyelpolitico.com.ar\/wp-content\/uploads\/2023\/05\/IMG-20230513-WA0005-768x512.jpg 768w, https:\/\/www.elpolitologoyelpolitico.com.ar\/wp-content\/uploads\/2023\/05\/IMG-20230513-WA0005-1536x1023.jpg 1536w, https:\/\/www.elpolitologoyelpolitico.com.ar\/wp-content\/uploads\/2023\/05\/IMG-20230513-WA0005.jpg 1600w\" sizes=\"(max-width: 1024px) 100vw, 1024px\" \/><\/figure>\n<\/figure>\n<div class=\"fb-background-color\">\n\t\t\t  <div \n\t\t\t  \tclass = \"fb-comments\" \n\t\t\t  \tdata-href = \"https:\/\/www.elpolitologoyelpolitico.com.ar\/wordpress\/2023\/05\/13\/el-intendente-zara-recibio-a-la-comision-de-fomento-y-vecinos-del-barrio-el-progreso\/\"\n\t\t\t  \tdata-numposts = \"10\"\n\t\t\t  \tdata-lazy = \"true\"\n\t\t\t\tdata-colorscheme = \"light\"\n\t\t\t\tdata-order-by = \"social\"\n\t\t\t\tdata-mobile=true>\n\t\t\t  <\/div><\/div>\n\t\t  <style>\n\t\t    .fb-background-color {\n\t\t\t\tbackground: #ffffff !important;\n\t\t\t}\n\t\t\t.fb_iframe_widget_fluid_desktop iframe {\n\t\t\t    width: 100% !important;\n\t\t\t}\n\t\t  <\/style>\n\t\t  ","protected":false},"excerpt":{"rendered":"<p>El Intendente Municipal, Ing. Jos\u00e9 Luis Zara, recibi\u00f3 este jueves en su despacho a los integrantes de la Comisi\u00f3n de Fomento y vecinos del barrio El Progreso, de Carmen de Patagones. Junto a funcionarios del gabinete municipal, el jefe comunal abord\u00f3 varios temas expuestos por los vecinos, entre ellos la solicitud de un espacio para [&hellip;]<\/p>\n","protected":false},"author":4,"featured_media":30770,"comment_status":"closed","ping_status":"closed","sticky":false,"template":"","format":"standard","meta":{"_joinchat":[],"footnotes":""},"categories":[4],"tags":[],"class_list":["post-30769","post","type-post","status-publish","format-standard","has-post-thumbnail","hentry","category-politicas-publicas"],"_links":{"self":[{"href":"https:\/\/www.elpolitologoyelpolitico.com.ar\/wordpress\/wp-json\/wp\/v2\/posts\/30769","targetHints":{"allow":["GET"]}}],"collection":[{"href":"https:\/\/www.elpolitologoyelpolitico.com.ar\/wordpress\/wp-json\/wp\/v2\/posts"}],"about":[{"href":"https:\/\/www.elpolitologoyelpolitico.com.ar\/wordpress\/wp-json\/wp\/v2\/types\/post"}],"author":[{"embeddable":true,"href":"https:\/\/www.elpolitologoyelpolitico.com.ar\/wordpress\/wp-json\/wp\/v2\/users\/4"}],"replies":[{"embeddable":true,"href":"https:\/\/www.elpolitologoyelpolitico.com.ar\/wordpress\/wp-json\/wp\/v2\/comments?post=30769"}],"version-history":[{"count":0,"href":"https:\/\/www.elpolitologoyelpolitico.com.ar\/wordpress\/wp-json\/wp\/v2\/posts\/30769\/revisions"}],"wp:featuredmedia":[{"embeddable":true,"href":"https:\/\/www.elpolitologoyelpolitico.com.ar\/wordpress\/wp-json\/wp\/v2\/media\/30770"}],"wp:attachment":[{"href":"https:\/\/www.elpolitologoyelpolitico.com.ar\/wordpress\/wp-json\/wp\/v2\/media?parent=30769"}],"wp:term":[{"taxonomy":"category","embeddable":true,"href":"https:\/\/www.elpolitologoyelpolitico.com.ar\/wordpress\/wp-json\/wp\/v2\/categories?post=30769"},{"taxonomy":"post_tag","embeddable":true,"href":"https:\/\/www.elpolitologoyelpolitico.com.ar\/wordpress\/wp-json\/wp\/v2\/tags?post=30769"}],"curies":[{"name":"wp","href":"https:\/\/api.w.org\/{rel}","templated":true}]}}