{"id":30765,"date":"2023-05-13T13:40:45","date_gmt":"2023-05-13T13:40:45","guid":{"rendered":"https:\/\/www.elpolitologoyelpolitico.com.ar\/wordpress\/?p=30765"},"modified":"2023-05-13T13:40:46","modified_gmt":"2023-05-13T13:40:46","slug":"la-gobernadora-carreras-abrio-la-reunion-de-consejeros-escolares-en-viedma","status":"publish","type":"post","link":"https:\/\/www.elpolitologoyelpolitico.com.ar\/wordpress\/2023\/05\/13\/la-gobernadora-carreras-abrio-la-reunion-de-consejeros-escolares-en-viedma\/","title":{"rendered":"La Gobernadora Carreras abri\u00f3 la reuni\u00f3n de Consejeros Escolares en Viedma"},"content":{"rendered":"\n<p>Con la presencia de la Gobernadora Arabela Carreras, se inici\u00f3 este jueves en Viedma la reuni\u00f3n de coordinadores y coordinadoras de Consejos Escolares de toda la provincia, convocados por el Ministerio de Educaci\u00f3n y Derechos Humanos.<\/p>\n\n\n\n<p>En la apertura, la mandataria provincial estuvo acompa\u00f1ada por el titular de la cartera educativa, Pablo N\u00fa\u00f1ez, y el secretario de Educaci\u00f3n, Duilio Minieri.<\/p>\n\n\n\n<p>\u201cHay mucho logrado y tenemos gran capacidad y experiencia que hemos acumulado a lo largo de estos a\u00f1os capacidad de gesti\u00f3n\u201d, indic\u00f3 Carreras destacando la labor realizada en materia educativa durante su gesti\u00f3n.<\/p>\n\n\n\n<p>En ese sentido, agreg\u00f3 que \u201cestamos mucho mejor de lo que hemos estado, pero a la vez, el problema que tenemos es que la sociedad cambi\u00f3 y hoy demanda diferentes cosas, por lo que tenemos que readaptarnos\u201d.<br>\u201cQuiero felicitar a todos y todas quienes conforman el equipo de Educaci\u00f3n por sostener con convicci\u00f3n el sistema educativo. Nadie puede decirnos que no hacemos lo m\u00e1ximo por la Educaci\u00f3n P\u00fablica y Privada, porque creemos en esto, porque no hay otra salida para el pa\u00eds que no sea a trav\u00e9s de ella. No hay otra forma de promoci\u00f3n social que no sea a trav\u00e9s de la Educaci\u00f3n\u201d, sostuvo la mandataria provincial en otra parte de su alocuci\u00f3n.<\/p>\n\n\n\n<p>\u201cEn nuestro equipo estamos muy orgullosos de lo que ustedes hacen todos los d\u00edas. \u00c9xitos en estas jornadas\u201d, dese\u00f3 finalmente a las y los presentes.<\/p>\n\n\n\n<p>Por su parte, el Ministro N\u00fa\u00f1ez expres\u00f3 que \u201ca poco m\u00e1s de dos meses de habernos reunido, necesit\u00e1bamos volver a encontrarnos para hacer un an\u00e1lisis, una evaluaci\u00f3n, de este inicio del ciclo lectivo, atravesado por una realidad compleja, que requiere que permanentemente estemos gestionando cada uno de los territorios. La representaci\u00f3n de cada una de las \u00e1reas de los equipos de trabajo del Ministerio que hoy est\u00e1 ac\u00e1 es la que, en definitiva, con el resto del Gobierno garantiza el derecho a la Educaci\u00f3n\u201d.<\/p>\n\n\n\n<p>\u201cEstos ser\u00e1n dos d\u00edas intensos, en los que trabajaremos, gestionaremos y articularemos mejor de cara a lo que viene\u201d, sostuvo.<\/p>\n\n\n\n<p>El objetivo del encuentro, el segundo de 2023, es abordar, en estas dos jornadas de trabajo, los distintos aspectos que hacen al funcionamiento del sistema educativo en cada regi\u00f3n provincial.<\/p>\n\n\n\n<p>All\u00ed estuvieron presentes, adem\u00e1s, responsables de la totalidad de las \u00e1reas ministeriales, administrativas y t\u00e9cnicas, como as\u00ed tambi\u00e9n la representaci\u00f3n gubernamental en el Consejo Provincial de Educaci\u00f3n (CPE).<\/p>\n\n\n\n<figure class=\"wp-block-image size-full\"><img fetchpriority=\"high\" decoding=\"async\" width=\"1024\" height=\"644\" src=\"https:\/\/www.elpolitologoyelpolitico.com.ar\/wp-content\/uploads\/2023\/05\/IMG-20230513-WA0000.jpg\" alt=\"\" class=\"wp-image-30767\" srcset=\"https:\/\/www.elpolitologoyelpolitico.com.ar\/wp-content\/uploads\/2023\/05\/IMG-20230513-WA0000.jpg 1024w, https:\/\/www.elpolitologoyelpolitico.com.ar\/wp-content\/uploads\/2023\/05\/IMG-20230513-WA0000-300x189.jpg 300w, https:\/\/www.elpolitologoyelpolitico.com.ar\/wp-content\/uploads\/2023\/05\/IMG-20230513-WA0000-768x483.jpg 768w\" sizes=\"(max-width: 1024px) 100vw, 1024px\" \/><\/figure>\n<div class=\"fb-background-color\">\n\t\t\t  <div \n\t\t\t  \tclass = \"fb-comments\" \n\t\t\t  \tdata-href = \"https:\/\/www.elpolitologoyelpolitico.com.ar\/wordpress\/2023\/05\/13\/la-gobernadora-carreras-abrio-la-reunion-de-consejeros-escolares-en-viedma\/\"\n\t\t\t  \tdata-numposts = \"10\"\n\t\t\t  \tdata-lazy = \"true\"\n\t\t\t\tdata-colorscheme = \"light\"\n\t\t\t\tdata-order-by = \"social\"\n\t\t\t\tdata-mobile=true>\n\t\t\t  <\/div><\/div>\n\t\t  <style>\n\t\t    .fb-background-color {\n\t\t\t\tbackground: #ffffff !important;\n\t\t\t}\n\t\t\t.fb_iframe_widget_fluid_desktop iframe {\n\t\t\t    width: 100% !important;\n\t\t\t}\n\t\t  <\/style>\n\t\t  ","protected":false},"excerpt":{"rendered":"<p>Con la presencia de la Gobernadora Arabela Carreras, se inici\u00f3 este jueves en Viedma la reuni\u00f3n de coordinadores y coordinadoras de Consejos Escolares de toda la provincia, convocados por el Ministerio de Educaci\u00f3n y Derechos Humanos. En la apertura, la mandataria provincial estuvo acompa\u00f1ada por el titular de la cartera educativa, Pablo N\u00fa\u00f1ez, y el [&hellip;]<\/p>\n","protected":false},"author":4,"featured_media":30766,"comment_status":"closed","ping_status":"closed","sticky":false,"template":"","format":"standard","meta":{"_joinchat":[],"footnotes":""},"categories":[4],"tags":[],"class_list":["post-30765","post","type-post","status-publish","format-standard","has-post-thumbnail","hentry","category-politicas-publicas"],"_links":{"self":[{"href":"https:\/\/www.elpolitologoyelpolitico.com.ar\/wordpress\/wp-json\/wp\/v2\/posts\/30765","targetHints":{"allow":["GET"]}}],"collection":[{"href":"https:\/\/www.elpolitologoyelpolitico.com.ar\/wordpress\/wp-json\/wp\/v2\/posts"}],"about":[{"href":"https:\/\/www.elpolitologoyelpolitico.com.ar\/wordpress\/wp-json\/wp\/v2\/types\/post"}],"author":[{"embeddable":true,"href":"https:\/\/www.elpolitologoyelpolitico.com.ar\/wordpress\/wp-json\/wp\/v2\/users\/4"}],"replies":[{"embeddable":true,"href":"https:\/\/www.elpolitologoyelpolitico.com.ar\/wordpress\/wp-json\/wp\/v2\/comments?post=30765"}],"version-history":[{"count":0,"href":"https:\/\/www.elpolitologoyelpolitico.com.ar\/wordpress\/wp-json\/wp\/v2\/posts\/30765\/revisions"}],"wp:featuredmedia":[{"embeddable":true,"href":"https:\/\/www.elpolitologoyelpolitico.com.ar\/wordpress\/wp-json\/wp\/v2\/media\/30766"}],"wp:attachment":[{"href":"https:\/\/www.elpolitologoyelpolitico.com.ar\/wordpress\/wp-json\/wp\/v2\/media?parent=30765"}],"wp:term":[{"taxonomy":"category","embeddable":true,"href":"https:\/\/www.elpolitologoyelpolitico.com.ar\/wordpress\/wp-json\/wp\/v2\/categories?post=30765"},{"taxonomy":"post_tag","embeddable":true,"href":"https:\/\/www.elpolitologoyelpolitico.com.ar\/wordpress\/wp-json\/wp\/v2\/tags?post=30765"}],"curies":[{"name":"wp","href":"https:\/\/api.w.org\/{rel}","templated":true}]}}