{"id":30760,"date":"2023-05-13T13:33:16","date_gmt":"2023-05-13T13:33:16","guid":{"rendered":"https:\/\/www.elpolitologoyelpolitico.com.ar\/wordpress\/?p=30760"},"modified":"2023-05-13T13:33:17","modified_gmt":"2023-05-13T13:33:17","slug":"alumnos-de-la-universidad-del-sur-de-bahia-blanca-visitaron-los-museos-en-viedma","status":"publish","type":"post","link":"https:\/\/www.elpolitologoyelpolitico.com.ar\/wordpress\/2023\/05\/13\/alumnos-de-la-universidad-del-sur-de-bahia-blanca-visitaron-los-museos-en-viedma\/","title":{"rendered":"Alumnos de la Universidad del Sur de Bah\u00eda Blanca visitaron los museos en Viedma"},"content":{"rendered":"\n<p>Los museos Salesiano \u201cCardenal Cagliero\u201d y \u201cGardeliano\u201d Lisandro Segovia recibieron la visita de 60 alumnos provenientes de la Universidad del Sur de Bah\u00eda Blanca.<\/p>\n\n\n\n<p>Los alumnos tuvieron una charla en la ex capilla Mar\u00eda Auxiliadora a cargo del Director de Identidad Comunitaria y Patrimonio Hist\u00f3rico, Gustavo Malek, donde se abordaron temas sobre la importancia de la identidad y el patrimonio en la ciudad de Viedma.<\/p>\n\n\n\n<p>El grupo recorri\u00f3 las instituciones y fue guiado por los Agentes Tur\u00edsticos Patrimoniales de los museos.<\/p>\n\n\n\n<p>Al respecto, Gustavo Malek resalt\u00f3 que \u201cnos llena de satisfacci\u00f3n que<br>grupos de estudio otras localidades y tambi\u00e9n locales realicen este tipo de visitas en nuestra Comarca y que nos tomen como ciudades abocadas a llevar adelante el turismo, la historia y la religiosidad, como estandartes del desarrollo de las comunidades\u201d.<\/p>\n\n\n\n<p>Recordamos que los Museos Salesiano \u201cCardenal Cagliero\u201d y Gardeliano \u201cLisandro Segovia\u201d est\u00e1n abiertos de martes a viernes de 9:00 a 19:00 horas y s\u00e1bados, domingos y feriados, de 15:00 a 19:00 horas.<\/p>\n\n\n\n<div class=\"wp-block-columns alignwide is-layout-flex wp-container-core-columns-is-layout-28f84493 wp-block-columns-is-layout-flex\">\n<div class=\"wp-block-column is-layout-flow wp-block-column-is-layout-flow\" style=\"flex-basis:100%\">\n<figure class=\"wp-block-gallery has-nested-images columns-default is-cropped wp-block-gallery-1 is-layout-flex wp-block-gallery-is-layout-flex\">\n<figure class=\"wp-block-image size-large\"><img fetchpriority=\"high\" decoding=\"async\" width=\"720\" height=\"960\" data-id=\"30762\" src=\"https:\/\/www.elpolitologoyelpolitico.com.ar\/wp-content\/uploads\/2023\/05\/IMG-20230512-WA0024.jpg\" alt=\"\" class=\"wp-image-30762\" srcset=\"https:\/\/www.elpolitologoyelpolitico.com.ar\/wp-content\/uploads\/2023\/05\/IMG-20230512-WA0024.jpg 720w, https:\/\/www.elpolitologoyelpolitico.com.ar\/wp-content\/uploads\/2023\/05\/IMG-20230512-WA0024-225x300.jpg 225w\" sizes=\"(max-width: 720px) 100vw, 720px\" \/><\/figure>\n\n\n\n<figure class=\"wp-block-image size-large\"><img decoding=\"async\" width=\"720\" height=\"540\" data-id=\"30763\" src=\"https:\/\/www.elpolitologoyelpolitico.com.ar\/wp-content\/uploads\/2023\/05\/IMG-20230512-WA0025.jpg\" alt=\"\" class=\"wp-image-30763\" srcset=\"https:\/\/www.elpolitologoyelpolitico.com.ar\/wp-content\/uploads\/2023\/05\/IMG-20230512-WA0025.jpg 720w, https:\/\/www.elpolitologoyelpolitico.com.ar\/wp-content\/uploads\/2023\/05\/IMG-20230512-WA0025-300x225.jpg 300w\" sizes=\"(max-width: 720px) 100vw, 720px\" \/><\/figure>\n<\/figure>\n<\/div>\n<\/div>\n<div class=\"fb-background-color\">\n\t\t\t  <div \n\t\t\t  \tclass = \"fb-comments\" \n\t\t\t  \tdata-href = \"https:\/\/www.elpolitologoyelpolitico.com.ar\/wordpress\/2023\/05\/13\/alumnos-de-la-universidad-del-sur-de-bahia-blanca-visitaron-los-museos-en-viedma\/\"\n\t\t\t  \tdata-numposts = \"10\"\n\t\t\t  \tdata-lazy = \"true\"\n\t\t\t\tdata-colorscheme = \"light\"\n\t\t\t\tdata-order-by = \"social\"\n\t\t\t\tdata-mobile=true>\n\t\t\t  <\/div><\/div>\n\t\t  <style>\n\t\t    .fb-background-color {\n\t\t\t\tbackground: #ffffff !important;\n\t\t\t}\n\t\t\t.fb_iframe_widget_fluid_desktop iframe {\n\t\t\t    width: 100% !important;\n\t\t\t}\n\t\t  <\/style>\n\t\t  ","protected":false},"excerpt":{"rendered":"<p>Los museos Salesiano \u201cCardenal Cagliero\u201d y \u201cGardeliano\u201d Lisandro Segovia recibieron la visita de 60 alumnos provenientes de la Universidad del Sur de Bah\u00eda Blanca. Los alumnos tuvieron una charla en la ex capilla Mar\u00eda Auxiliadora a cargo del Director de Identidad Comunitaria y Patrimonio Hist\u00f3rico, Gustavo Malek, donde se abordaron temas sobre la importancia de [&hellip;]<\/p>\n","protected":false},"author":4,"featured_media":30761,"comment_status":"closed","ping_status":"closed","sticky":false,"template":"","format":"standard","meta":{"_joinchat":[],"footnotes":""},"categories":[39],"tags":[],"class_list":["post-30760","post","type-post","status-publish","format-standard","has-post-thumbnail","hentry","category-en-esta-seccion"],"_links":{"self":[{"href":"https:\/\/www.elpolitologoyelpolitico.com.ar\/wordpress\/wp-json\/wp\/v2\/posts\/30760","targetHints":{"allow":["GET"]}}],"collection":[{"href":"https:\/\/www.elpolitologoyelpolitico.com.ar\/wordpress\/wp-json\/wp\/v2\/posts"}],"about":[{"href":"https:\/\/www.elpolitologoyelpolitico.com.ar\/wordpress\/wp-json\/wp\/v2\/types\/post"}],"author":[{"embeddable":true,"href":"https:\/\/www.elpolitologoyelpolitico.com.ar\/wordpress\/wp-json\/wp\/v2\/users\/4"}],"replies":[{"embeddable":true,"href":"https:\/\/www.elpolitologoyelpolitico.com.ar\/wordpress\/wp-json\/wp\/v2\/comments?post=30760"}],"version-history":[{"count":0,"href":"https:\/\/www.elpolitologoyelpolitico.com.ar\/wordpress\/wp-json\/wp\/v2\/posts\/30760\/revisions"}],"wp:featuredmedia":[{"embeddable":true,"href":"https:\/\/www.elpolitologoyelpolitico.com.ar\/wordpress\/wp-json\/wp\/v2\/media\/30761"}],"wp:attachment":[{"href":"https:\/\/www.elpolitologoyelpolitico.com.ar\/wordpress\/wp-json\/wp\/v2\/media?parent=30760"}],"wp:term":[{"taxonomy":"category","embeddable":true,"href":"https:\/\/www.elpolitologoyelpolitico.com.ar\/wordpress\/wp-json\/wp\/v2\/categories?post=30760"},{"taxonomy":"post_tag","embeddable":true,"href":"https:\/\/www.elpolitologoyelpolitico.com.ar\/wordpress\/wp-json\/wp\/v2\/tags?post=30760"}],"curies":[{"name":"wp","href":"https:\/\/api.w.org\/{rel}","templated":true}]}}