{"id":30747,"date":"2023-05-13T02:12:55","date_gmt":"2023-05-13T02:12:55","guid":{"rendered":"https:\/\/www.elpolitologoyelpolitico.com.ar\/wordpress\/?p=30747"},"modified":"2023-05-13T02:12:56","modified_gmt":"2023-05-13T02:12:56","slug":"la-inflacion-de-abril-fue-casi-del-9-y-en-lo-que-va-del-ano-los-precios-crecieron-un-32-4","status":"publish","type":"post","link":"https:\/\/www.elpolitologoyelpolitico.com.ar\/wordpress\/2023\/05\/13\/la-inflacion-de-abril-fue-casi-del-9-y-en-lo-que-va-del-ano-los-precios-crecieron-un-32-4\/","title":{"rendered":"La inflaci\u00f3n de abril fue casi del 9% y en lo que va del a\u00f1o, los precios crecieron un 32, 4 %"},"content":{"rendered":"\n<p>La inflaci\u00f3n de abril fue de 8,4% y acumul\u00f3 un aumento del 108,8% en el \u00faltimo a\u00f1o.<\/p>\n\n\n\n<p>El \u00edndice medido por el INDEC super\u00f3 el 7,7% registrado en marzo. El m\u00e1s alto desde abril del 2002 a nivel mensual.<\/p>\n\n\n\n<p>En lo que va del a\u00f1o, los precios de la econom\u00eda crecieron en promedio un 32,4%. La suba se debi\u00f3 principalmente a los aumentos en alimentos y el rubro textil.<\/p>\n\n\n\n<p>Es la primera vez en dos d\u00e9cadas que la inflaci\u00f3n mensual supera el umbral del 8%, consolidando un piso alto diferente al estimado por el ministro de Econom\u00eda,&nbsp;Sergio Massa.<\/p>\n\n\n\n<p>Los incrementos m\u00e1s altos&nbsp;se vieron en las divisiones&nbsp;Verduras, tub\u00e9rculos y legumbres (21,8%);&nbsp;Leche, productos l\u00e1cteos y huevos (10,4%);&nbsp;Az\u00facar, dulces, chocolates y golosinas; y Carnes y derivados (10,3%). El tomate aument\u00f3 un 63,4% en las bocas de expendio, superando por amplio margen a todos los productos medidos.<\/p>\n\n\n\n<p>Tambi\u00e9n se destacaron las subas de las divisiones Restaurantes y hoteles (9,9%); y Equipamiento y mantenimiento del hogar (8,6%).<\/p>\n\n\n\n<figure class=\"wp-block-image size-full\"><img fetchpriority=\"high\" decoding=\"async\" width=\"803\" height=\"452\" src=\"https:\/\/www.elpolitologoyelpolitico.com.ar\/wp-content\/uploads\/2023\/05\/IMG-20230512-WA0019.jpg\" alt=\"\" class=\"wp-image-30750\" srcset=\"https:\/\/www.elpolitologoyelpolitico.com.ar\/wp-content\/uploads\/2023\/05\/IMG-20230512-WA0019.jpg 803w, https:\/\/www.elpolitologoyelpolitico.com.ar\/wp-content\/uploads\/2023\/05\/IMG-20230512-WA0019-300x169.jpg 300w, https:\/\/www.elpolitologoyelpolitico.com.ar\/wp-content\/uploads\/2023\/05\/IMG-20230512-WA0019-768x432.jpg 768w\" sizes=\"(max-width: 803px) 100vw, 803px\" \/><\/figure>\n<div class=\"fb-background-color\">\n\t\t\t  <div \n\t\t\t  \tclass = \"fb-comments\" \n\t\t\t  \tdata-href = \"https:\/\/www.elpolitologoyelpolitico.com.ar\/wordpress\/2023\/05\/13\/la-inflacion-de-abril-fue-casi-del-9-y-en-lo-que-va-del-ano-los-precios-crecieron-un-32-4\/\"\n\t\t\t  \tdata-numposts = \"10\"\n\t\t\t  \tdata-lazy = \"true\"\n\t\t\t\tdata-colorscheme = \"light\"\n\t\t\t\tdata-order-by = \"social\"\n\t\t\t\tdata-mobile=true>\n\t\t\t  <\/div><\/div>\n\t\t  <style>\n\t\t    .fb-background-color {\n\t\t\t\tbackground: #ffffff !important;\n\t\t\t}\n\t\t\t.fb_iframe_widget_fluid_desktop iframe {\n\t\t\t    width: 100% !important;\n\t\t\t}\n\t\t  <\/style>\n\t\t  ","protected":false},"excerpt":{"rendered":"<p>La inflaci\u00f3n de abril fue de 8,4% y acumul\u00f3 un aumento del 108,8% en el \u00faltimo a\u00f1o. El \u00edndice medido por el INDEC super\u00f3 el 7,7% registrado en marzo. El m\u00e1s alto desde abril del 2002 a nivel mensual. En lo que va del a\u00f1o, los precios de la econom\u00eda crecieron en promedio un 32,4%. [&hellip;]<\/p>\n","protected":false},"author":4,"featured_media":30748,"comment_status":"closed","ping_status":"closed","sticky":false,"template":"","format":"standard","meta":{"_joinchat":[],"footnotes":""},"categories":[39],"tags":[],"class_list":["post-30747","post","type-post","status-publish","format-standard","has-post-thumbnail","hentry","category-en-esta-seccion"],"_links":{"self":[{"href":"https:\/\/www.elpolitologoyelpolitico.com.ar\/wordpress\/wp-json\/wp\/v2\/posts\/30747","targetHints":{"allow":["GET"]}}],"collection":[{"href":"https:\/\/www.elpolitologoyelpolitico.com.ar\/wordpress\/wp-json\/wp\/v2\/posts"}],"about":[{"href":"https:\/\/www.elpolitologoyelpolitico.com.ar\/wordpress\/wp-json\/wp\/v2\/types\/post"}],"author":[{"embeddable":true,"href":"https:\/\/www.elpolitologoyelpolitico.com.ar\/wordpress\/wp-json\/wp\/v2\/users\/4"}],"replies":[{"embeddable":true,"href":"https:\/\/www.elpolitologoyelpolitico.com.ar\/wordpress\/wp-json\/wp\/v2\/comments?post=30747"}],"version-history":[{"count":0,"href":"https:\/\/www.elpolitologoyelpolitico.com.ar\/wordpress\/wp-json\/wp\/v2\/posts\/30747\/revisions"}],"wp:featuredmedia":[{"embeddable":true,"href":"https:\/\/www.elpolitologoyelpolitico.com.ar\/wordpress\/wp-json\/wp\/v2\/media\/30748"}],"wp:attachment":[{"href":"https:\/\/www.elpolitologoyelpolitico.com.ar\/wordpress\/wp-json\/wp\/v2\/media?parent=30747"}],"wp:term":[{"taxonomy":"category","embeddable":true,"href":"https:\/\/www.elpolitologoyelpolitico.com.ar\/wordpress\/wp-json\/wp\/v2\/categories?post=30747"},{"taxonomy":"post_tag","embeddable":true,"href":"https:\/\/www.elpolitologoyelpolitico.com.ar\/wordpress\/wp-json\/wp\/v2\/tags?post=30747"}],"curies":[{"name":"wp","href":"https:\/\/api.w.org\/{rel}","templated":true}]}}