{"id":30744,"date":"2023-05-12T23:38:21","date_gmt":"2023-05-12T23:38:21","guid":{"rendered":"https:\/\/www.elpolitologoyelpolitico.com.ar\/wordpress\/?p=30744"},"modified":"2023-05-12T23:38:23","modified_gmt":"2023-05-12T23:38:23","slug":"viedma-ya-cuenta-con-foro-de-seguridad","status":"publish","type":"post","link":"https:\/\/www.elpolitologoyelpolitico.com.ar\/wordpress\/2023\/05\/12\/viedma-ya-cuenta-con-foro-de-seguridad\/","title":{"rendered":"Viedma ya cuenta con Foro de Seguridad"},"content":{"rendered":"\n<p>Por mayor\u00eda, el Deliberante cre\u00f3 el Foro Comunitario de Seguridad (FoCoS) para combatir el delito en Viedma. El proyecto, impulsado por el Ejecutivo Municipal, propone un \u00f3rgano participativo para asesorar y proponer a los distintos Poderes pol\u00edticas p\u00fablicas que garanticen la paz comunitaria y la seguridad p\u00fablica.<\/p>\n\n\n\n<p>Votaron a favor de la iniciativa las concejalas Maricel C\u00e9voli, Silbana Cullumilla, Gabriela Bovcon y los ediles Pedro Bichara, Pedro S\u00e1nchez y Luciano Ruiz. No acompa\u00f1aron el proyecto las concejalas Roberta Scavo, Vanessa Cacho Devincenzi y Zulma Romero.<\/p>\n\n\n\n<p>Al respecto, la presidenta del cuerpo, C\u00e9voli, manifest\u00f3 que \u201clos estados municipales tienen una responsabilidad y es la de convocar a la escucha, a la participaci\u00f3n, al trabajo y la intervenci\u00f3n interdisciplinar para que podamos generar proposiciones, propuestas y acciones que provoquen y generen pol\u00edticas p\u00fablicas\u201d.<\/p>\n\n\n\n<p>\u201cEn este Foro estamos proponiendo la participaci\u00f3n de los tres Poderes del Estado, porque tal vez de lo que tengamos que hacernos cargo es de proponer algunas acciones que sean tomadas y consideradas por quienes tienen que impartir justicia, para que de una vez por todas los ciudadanos y las ciudadanas podamos hacer valer nuestros derechos\u201d, asegur\u00f3.<\/p>\n\n\n\n<p>Por \u00faltimo, sostuvo que \u201cno es una soluci\u00f3n, es una herramienta que probablemente nos ponga en el lugar de poder decir y pensar juntos y juntas para proponer y pedir a trav\u00e9s del compromiso que asuman las partes intervinientes, la ejecuci\u00f3n de pol\u00edticas p\u00fablicas\u00bb.<\/p>\n\n\n\n<p>Por otra parte, la edil Cacho Devincenzi explic\u00f3: \u201cNo vamos a acompa\u00f1ar este proyecto porque creemos que la seguridad en nuestra ciudad necesita soluciones concretas y reales\u201d.<\/p>\n\n\n\n<p>Mientras que el concejal S\u00e1nchez asever\u00f3: \u201cEstoy a favor de cualquier instrumento que se utilice para la participaci\u00f3n de los vecinos de manera formal\u201d.&nbsp;<\/p>\n\n\n\n<p>Adem\u00e1s, en esta materia, el cuerpo legislativo tambi\u00e9n aprob\u00f3 por mayor\u00eda la tasa municipal de seguridad ciudadana. El proyecto propone la creaci\u00f3n de un fondo para ampliar la infraestructura de prevenci\u00f3n y seguridad, que se nutrir\u00e1 mediante el esfuerzo de grandes contribuyentes. A trav\u00e9s de este mecanismo, la ciudad incorporar\u00e1 c\u00e1maras de seguridad e iluminaci\u00f3n led. La concejala que no acompa\u00f1\u00f3 el proyecto fue Roberta Scavo. Todo el resto del cuerpo deliberativo vot\u00f3 a favor.&nbsp;<\/p>\n\n\n\n<p>\u201cNo desconocemos lo que est\u00e1 pasando en Viedma, no desconocemos lo que pasa en la provincia y lo que pasa en el pa\u00eds. Nos estamos haciendo cargo de lo que corresponde desde el municipio de Viedma\u201d, expres\u00f3 la edil Cullumilla.&nbsp;<\/p>\n\n\n\n<p>\u201cVamos a acompa\u00f1ar este proyecto y los referentes al tema porque queremos que sean herramientas que contribuyan a que las vecinas y los vecinos est\u00e9n m\u00e1s seguros.<\/p>\n\n\n\n<p>Creemos que es importante crear esta tasa para que los grandes contribuyentes puedan aportar a la compra de c\u00e1maras de seguridad y luminaria, porque es un pedido de los vecinos, los escuchamos y sabemos cu\u00e1les son las necesidades que tienen\u201d, finaliz\u00f3.<br>Por su parte, la concejala Scavo explic\u00f3: \u201cComparto algunos de los t\u00e9rminos del proyecto en general.<\/p>\n\n\n\n<p>Creo que hay una demanda clara de la poblaci\u00f3n respecto a la seguridad y a la incorporaci\u00f3n de m\u00e1s tecnolog\u00edas para tratar de paliar un poco esta situaci\u00f3n dif\u00edcil que atravesamos, pero creo que la demanda de la poblaci\u00f3n no puede traducirse en un nuevo impuesto\u00bb.<\/p>\n<div class=\"fb-background-color\">\n\t\t\t  <div \n\t\t\t  \tclass = \"fb-comments\" \n\t\t\t  \tdata-href = \"https:\/\/www.elpolitologoyelpolitico.com.ar\/wordpress\/2023\/05\/12\/viedma-ya-cuenta-con-foro-de-seguridad\/\"\n\t\t\t  \tdata-numposts = \"10\"\n\t\t\t  \tdata-lazy = \"true\"\n\t\t\t\tdata-colorscheme = \"light\"\n\t\t\t\tdata-order-by = \"social\"\n\t\t\t\tdata-mobile=true>\n\t\t\t  <\/div><\/div>\n\t\t  <style>\n\t\t    .fb-background-color {\n\t\t\t\tbackground: #ffffff !important;\n\t\t\t}\n\t\t\t.fb_iframe_widget_fluid_desktop iframe {\n\t\t\t    width: 100% !important;\n\t\t\t}\n\t\t  <\/style>\n\t\t  ","protected":false},"excerpt":{"rendered":"<p>Por mayor\u00eda, el Deliberante cre\u00f3 el Foro Comunitario de Seguridad (FoCoS) para combatir el delito en Viedma. El proyecto, impulsado por el Ejecutivo Municipal, propone un \u00f3rgano participativo para asesorar y proponer a los distintos Poderes pol\u00edticas p\u00fablicas que garanticen la paz comunitaria y la seguridad p\u00fablica. Votaron a favor de la iniciativa las concejalas [&hellip;]<\/p>\n","protected":false},"author":4,"featured_media":30745,"comment_status":"closed","ping_status":"closed","sticky":false,"template":"","format":"standard","meta":{"_joinchat":[],"footnotes":""},"categories":[39],"tags":[],"class_list":["post-30744","post","type-post","status-publish","format-standard","has-post-thumbnail","hentry","category-en-esta-seccion"],"_links":{"self":[{"href":"https:\/\/www.elpolitologoyelpolitico.com.ar\/wordpress\/wp-json\/wp\/v2\/posts\/30744","targetHints":{"allow":["GET"]}}],"collection":[{"href":"https:\/\/www.elpolitologoyelpolitico.com.ar\/wordpress\/wp-json\/wp\/v2\/posts"}],"about":[{"href":"https:\/\/www.elpolitologoyelpolitico.com.ar\/wordpress\/wp-json\/wp\/v2\/types\/post"}],"author":[{"embeddable":true,"href":"https:\/\/www.elpolitologoyelpolitico.com.ar\/wordpress\/wp-json\/wp\/v2\/users\/4"}],"replies":[{"embeddable":true,"href":"https:\/\/www.elpolitologoyelpolitico.com.ar\/wordpress\/wp-json\/wp\/v2\/comments?post=30744"}],"version-history":[{"count":0,"href":"https:\/\/www.elpolitologoyelpolitico.com.ar\/wordpress\/wp-json\/wp\/v2\/posts\/30744\/revisions"}],"wp:featuredmedia":[{"embeddable":true,"href":"https:\/\/www.elpolitologoyelpolitico.com.ar\/wordpress\/wp-json\/wp\/v2\/media\/30745"}],"wp:attachment":[{"href":"https:\/\/www.elpolitologoyelpolitico.com.ar\/wordpress\/wp-json\/wp\/v2\/media?parent=30744"}],"wp:term":[{"taxonomy":"category","embeddable":true,"href":"https:\/\/www.elpolitologoyelpolitico.com.ar\/wordpress\/wp-json\/wp\/v2\/categories?post=30744"},{"taxonomy":"post_tag","embeddable":true,"href":"https:\/\/www.elpolitologoyelpolitico.com.ar\/wordpress\/wp-json\/wp\/v2\/tags?post=30744"}],"curies":[{"name":"wp","href":"https:\/\/api.w.org\/{rel}","templated":true}]}}