{"id":30736,"date":"2023-05-12T14:16:27","date_gmt":"2023-05-12T14:16:27","guid":{"rendered":"https:\/\/www.elpolitologoyelpolitico.com.ar\/wordpress\/?p=30736"},"modified":"2023-05-12T14:16:29","modified_gmt":"2023-05-12T14:16:29","slug":"el-gobierno-pcial-actualiza-el-salario-docente-por-demanda-urgente-del-fudb","status":"publish","type":"post","link":"https:\/\/www.elpolitologoyelpolitico.com.ar\/wordpress\/2023\/05\/12\/el-gobierno-pcial-actualiza-el-salario-docente-por-demanda-urgente-del-fudb\/","title":{"rendered":"EL GOBIERNO PCIAL. ACTUALIZA EL SALARIO DOCENTE&nbsp; POR DEMANDA URGENTE&nbsp; DEL FUDB&nbsp;"},"content":{"rendered":"\n<p>El FUDB vino demandando una urgente actualizaci\u00f3n salarial que garantice el poder adquisitivo del salario docente por arriba de la inflaci\u00f3n.<\/p>\n\n\n\n<p>El gobierno provincial convoc\u00f3 hoy a la continuidad de la comisi\u00f3n t\u00e9cnica salarial y propuso aumentar a 164 mil pesos el salario del Maestro\/a de Grado de Jornada simple, que reci\u00e9n se inicia en la carrera docente. El salario inicial del Maestro\/a de Grado de Jornada Completa ascender\u00e1 a 328 mil pesos.&nbsp;&nbsp;<\/p>\n\n\n\n<p>El aumento promedio ser\u00e1 del 40,5% y en el caso del Maestro\/a de Grado que reci\u00e9n se inicia ser\u00e1 de un 42,6%. Con la aplicaci\u00f3n de lo<br>acordado en la Paritaria Nacional Docente en relaci\u00f3n al Impuesto a las Ganancias a partir del mes de mayo retroactivo al mes de enero.<br>Este aumento ser\u00e1 percibido a partir del pr\u00f3ximo cobro por Todos\/as los\/as docentes en actividad y tambi\u00e9n los\/las docentes jubilados\/as.<\/p>\n\n\n\n<p>La reapertura de la negociaci\u00f3n salarial se adelanta del mes de agosto al mes de junio.&nbsp;<\/p>\n\n\n\n<p>El gobierno se comprometi\u00f3 a la firma inmediata del acuerdo Paritario de Resguardo y Reparaci\u00f3n.<\/p>\n<div class=\"fb-background-color\">\n\t\t\t  <div \n\t\t\t  \tclass = \"fb-comments\" \n\t\t\t  \tdata-href = \"https:\/\/www.elpolitologoyelpolitico.com.ar\/wordpress\/2023\/05\/12\/el-gobierno-pcial-actualiza-el-salario-docente-por-demanda-urgente-del-fudb\/\"\n\t\t\t  \tdata-numposts = \"10\"\n\t\t\t  \tdata-lazy = \"true\"\n\t\t\t\tdata-colorscheme = \"light\"\n\t\t\t\tdata-order-by = \"social\"\n\t\t\t\tdata-mobile=true>\n\t\t\t  <\/div><\/div>\n\t\t  <style>\n\t\t    .fb-background-color {\n\t\t\t\tbackground: #ffffff !important;\n\t\t\t}\n\t\t\t.fb_iframe_widget_fluid_desktop iframe {\n\t\t\t    width: 100% !important;\n\t\t\t}\n\t\t  <\/style>\n\t\t  ","protected":false},"excerpt":{"rendered":"<p>El FUDB vino demandando una urgente actualizaci\u00f3n salarial que garantice el poder adquisitivo del salario docente por arriba de la inflaci\u00f3n. El gobierno provincial convoc\u00f3 hoy a la continuidad de la comisi\u00f3n t\u00e9cnica salarial y propuso aumentar a 164 mil pesos el salario del Maestro\/a de Grado de Jornada simple, que reci\u00e9n se inicia en [&hellip;]<\/p>\n","protected":false},"author":4,"featured_media":30737,"comment_status":"closed","ping_status":"closed","sticky":false,"template":"","format":"standard","meta":{"_joinchat":[],"footnotes":""},"categories":[39],"tags":[],"class_list":["post-30736","post","type-post","status-publish","format-standard","has-post-thumbnail","hentry","category-en-esta-seccion"],"_links":{"self":[{"href":"https:\/\/www.elpolitologoyelpolitico.com.ar\/wordpress\/wp-json\/wp\/v2\/posts\/30736","targetHints":{"allow":["GET"]}}],"collection":[{"href":"https:\/\/www.elpolitologoyelpolitico.com.ar\/wordpress\/wp-json\/wp\/v2\/posts"}],"about":[{"href":"https:\/\/www.elpolitologoyelpolitico.com.ar\/wordpress\/wp-json\/wp\/v2\/types\/post"}],"author":[{"embeddable":true,"href":"https:\/\/www.elpolitologoyelpolitico.com.ar\/wordpress\/wp-json\/wp\/v2\/users\/4"}],"replies":[{"embeddable":true,"href":"https:\/\/www.elpolitologoyelpolitico.com.ar\/wordpress\/wp-json\/wp\/v2\/comments?post=30736"}],"version-history":[{"count":0,"href":"https:\/\/www.elpolitologoyelpolitico.com.ar\/wordpress\/wp-json\/wp\/v2\/posts\/30736\/revisions"}],"wp:featuredmedia":[{"embeddable":true,"href":"https:\/\/www.elpolitologoyelpolitico.com.ar\/wordpress\/wp-json\/wp\/v2\/media\/30737"}],"wp:attachment":[{"href":"https:\/\/www.elpolitologoyelpolitico.com.ar\/wordpress\/wp-json\/wp\/v2\/media?parent=30736"}],"wp:term":[{"taxonomy":"category","embeddable":true,"href":"https:\/\/www.elpolitologoyelpolitico.com.ar\/wordpress\/wp-json\/wp\/v2\/categories?post=30736"},{"taxonomy":"post_tag","embeddable":true,"href":"https:\/\/www.elpolitologoyelpolitico.com.ar\/wordpress\/wp-json\/wp\/v2\/tags?post=30736"}],"curies":[{"name":"wp","href":"https:\/\/api.w.org\/{rel}","templated":true}]}}