{"id":30727,"date":"2023-05-11T17:21:33","date_gmt":"2023-05-11T17:21:33","guid":{"rendered":"https:\/\/www.elpolitologoyelpolitico.com.ar\/wordpress\/?p=30727"},"modified":"2023-05-11T17:21:34","modified_gmt":"2023-05-11T17:21:34","slug":"ba-mas-cerca-llega-a-carmen-de-patagones","status":"publish","type":"post","link":"https:\/\/www.elpolitologoyelpolitico.com.ar\/wordpress\/2023\/05\/11\/ba-mas-cerca-llega-a-carmen-de-patagones\/","title":{"rendered":"BA m\u00e1s Cerca llega a Carmen de Patagones"},"content":{"rendered":"\n<p>Desde enero de este a\u00f1o, la Ciudad de Buenos Aires ha estado recorriendo diversos municipios de la Provincia de Buenos Aires para promocionar sus atractivos tur\u00edsticos y este s\u00e1bado estar\u00e1 enclavada la promoci\u00f3n dentro del poblado hist\u00f3rico nacional.<\/p>\n\n\n\n<p>A principios de 2023 el Ente de Turismo de la Ciudad de Buenos Aires lanz\u00f3 una nueva temporada de \u201cBA m\u00e1s Cerca\u201d. Al cami\u00f3n itinerante que recorre el pa\u00eds y las activaciones de BA Playa, este a\u00f1o se suma un stand m\u00f3vil que ha visitado algunos de los municipios de la Provincia de Buenos Aires, con los cuales ha estado trabajando en encuentros de intercambio de gesti\u00f3n o de promoci\u00f3n cruzada.<\/p>\n\n\n\n<p>Luego de pasar por Tandil y Chacabuco, este s\u00e1bado 13 de mayo la activaci\u00f3n estar\u00e1 ubicada en la Plaza 7 de Marzo, sobre la calle Comodoro Mart\u00edn Rivadavia 194, desde las 14 hasta las 17 hs. La propuesta invita a los vecinos de Patagones a conocer los diversos atractivos tur\u00edsticos, culturales y gastron\u00f3micos que tiene para ofrecer la Ciudad de Buenos Aires. Quienes se acerquen a conocer el stand m\u00f3vil podr\u00e1n disfrutar de distintas actividades recreativas y juegos interactivos que permiten acceder a informaci\u00f3n tur\u00edstica de los programas \u201cTurismo en Barrios\u201d, que cuenta con 33 opciones para recorrer y descubrir la ciudad a pie o en bici, \u201cEscapadas\u201d y \u201cQu\u00e9 hacer en la Ciudad\u201d, entre otras propuestas. Finalizada la jornada, el stand m\u00f3vil continuar\u00e1 su recorrido para estar presente en Coronel Rosales el domingo 14 de mayo.<\/p>\n\n\n\n<p>El programa \u201cBA m\u00e1s Cerca\u201d es parte de las pol\u00edticas p\u00fablicas impulsadas por el Ente de Turismo para fomentar la llegada de visitantes y consolidar a Buenos Aires como destino tur\u00edstico nacional, permitiendo recorrer todas las provincias de la Argentina con diferentes activaciones.<\/p>\n\n\n\n<p>\u201cBuenos Aires es una ciudad preparada para satisfacer las expectativas y preferencias de los turistas ya que cuenta con una amplia oferta de actividades para todas las edades en cualquier momento del d\u00eda. Gracias al trabajo diario realizado en conjunto con otros municipios y a la propuesta de BA m\u00e1s Cerca podemos acercar y visibilizar los atractivos culturales, gastron\u00f3micos y tur\u00edsticos de la Ciudad a cualquier punto de la Provincia de Buenos Aires y que sean elegidos para ser recorridos por quienes se acerquen a la Ciudad de Buenos Aires ya sea por cuestiones laborales, recreativas o tur\u00edsticas.\u201d afirm\u00f3 Diego Gutierrez, Director de Promoci\u00f3n Tur\u00edstica.<\/p>\n\n\n\n<p>Asimismo la Ciudad actualmente cuenta con m\u00e1s de 7.000 bares y restaurantes, 287 teatros, 380 librer\u00edas, 150 museos y es la capital del tango. Durante la temporada de verano, los visitantes que lleguen a la Ciudad de Buenos Aires podr\u00e1n disfrutar de una gran cantidad de actividades gratuitas y privadas, como visitas guiadas, tours gastron\u00f3micos, clases de tango, y museos, que pueden consultarse en la p\u00e1gina del Ente de Turismo porte\u00f1o: https:\/\/turismo.buenosaires.gob.ar\/es.<\/p>\n\n\n\n<p>La provincia de Buenos Aires es la provincia m\u00e1s importante del pa\u00eds en t\u00e9rminos de cantidad de turistas que aporta a la Ciudad. En cuanto a motivos de viaje, se destaca una preponderancia de quienes lo hacen por ocio\/vacaciones, siendo los autom\u00f3viles la v\u00eda de transporte m\u00e1s utilizada. Adem\u00e1s, seg\u00fan datos que aporta el Observatorio Tur\u00edstico, ocupa el primer puesto del ranking de ocupaci\u00f3n hotelera seg\u00fan destino de origen, ya que el 32,6% de los turistas provienen de la zona bonaerense, lo que significa que durante el 2022 hubo una recuperaci\u00f3n del 123% comparado con 2019.<\/p>\n\n\n\n<p>\u201cSeguimos apostando fuertemente al turismo, en esta caso acompa\u00f1ando a la Ciudad de Buenos Aires en la recorrida que hace por los municipios de la provincia y el pa\u00eds dando a conocer sus atractivos, recursos y todo aquello que hace a la actividad tur\u00edstica con su programa BA M\u00e1s Cerca, donde tambi\u00e9n estaremos presentes con actividades municipales talleres de pl\u00e1stica, m\u00fasica y artesanos\u201d, indic\u00f3 el Intendente Municipal, Ing. Jos\u00e9 Luis Zara.<\/p>\n\n\n\n<p>\u201cEn esta sinton\u00eda seguimos apostando a la actividad con un curso atenci\u00f3n y gesti\u00f3n de emprendimientos, que realizaremos el pr\u00f3ximo 19 de mayo, en conjunto con la Asociaci\u00f3n de Hoteles de Bah\u00eda Blanca y regi\u00f3n del Sudoeste\u201d, anunci\u00f3 el mandatario.<\/p>\n\n\n\n<figure class=\"wp-block-gallery has-nested-images columns-default is-cropped wp-block-gallery-1 is-layout-flex wp-block-gallery-is-layout-flex\">\n<figure class=\"wp-block-image size-large\"><img fetchpriority=\"high\" decoding=\"async\" width=\"1024\" height=\"682\" data-id=\"30730\" src=\"https:\/\/www.elpolitologoyelpolitico.com.ar\/wp-content\/uploads\/2023\/05\/IMG-20230511-WA0028-1024x682.jpg\" alt=\"\" class=\"wp-image-30730\" srcset=\"https:\/\/www.elpolitologoyelpolitico.com.ar\/wp-content\/uploads\/2023\/05\/IMG-20230511-WA0028-1024x682.jpg 1024w, https:\/\/www.elpolitologoyelpolitico.com.ar\/wp-content\/uploads\/2023\/05\/IMG-20230511-WA0028-300x200.jpg 300w, https:\/\/www.elpolitologoyelpolitico.com.ar\/wp-content\/uploads\/2023\/05\/IMG-20230511-WA0028-768x512.jpg 768w, https:\/\/www.elpolitologoyelpolitico.com.ar\/wp-content\/uploads\/2023\/05\/IMG-20230511-WA0028.jpg 1280w\" sizes=\"(max-width: 1024px) 100vw, 1024px\" \/><\/figure>\n<\/figure>\n\n\n\n<figure class=\"wp-block-image size-full\"><img decoding=\"async\" width=\"1024\" height=\"768\" src=\"https:\/\/www.elpolitologoyelpolitico.com.ar\/wp-content\/uploads\/2023\/05\/IMG-20230511-WA0027.jpg\" alt=\"\" class=\"wp-image-30731\" srcset=\"https:\/\/www.elpolitologoyelpolitico.com.ar\/wp-content\/uploads\/2023\/05\/IMG-20230511-WA0027.jpg 1024w, https:\/\/www.elpolitologoyelpolitico.com.ar\/wp-content\/uploads\/2023\/05\/IMG-20230511-WA0027-300x225.jpg 300w, https:\/\/www.elpolitologoyelpolitico.com.ar\/wp-content\/uploads\/2023\/05\/IMG-20230511-WA0027-768x576.jpg 768w\" sizes=\"(max-width: 1024px) 100vw, 1024px\" \/><\/figure>\n<div class=\"fb-background-color\">\n\t\t\t  <div \n\t\t\t  \tclass = \"fb-comments\" \n\t\t\t  \tdata-href = \"https:\/\/www.elpolitologoyelpolitico.com.ar\/wordpress\/2023\/05\/11\/ba-mas-cerca-llega-a-carmen-de-patagones\/\"\n\t\t\t  \tdata-numposts = \"10\"\n\t\t\t  \tdata-lazy = \"true\"\n\t\t\t\tdata-colorscheme = \"light\"\n\t\t\t\tdata-order-by = \"social\"\n\t\t\t\tdata-mobile=true>\n\t\t\t  <\/div><\/div>\n\t\t  <style>\n\t\t    .fb-background-color {\n\t\t\t\tbackground: #ffffff !important;\n\t\t\t}\n\t\t\t.fb_iframe_widget_fluid_desktop iframe {\n\t\t\t    width: 100% !important;\n\t\t\t}\n\t\t  <\/style>\n\t\t  ","protected":false},"excerpt":{"rendered":"<p>Desde enero de este a\u00f1o, la Ciudad de Buenos Aires ha estado recorriendo diversos municipios de la Provincia de Buenos Aires para promocionar sus atractivos tur\u00edsticos y este s\u00e1bado estar\u00e1 enclavada la promoci\u00f3n dentro del poblado hist\u00f3rico nacional. A principios de 2023 el Ente de Turismo de la Ciudad de Buenos Aires lanz\u00f3 una nueva [&hellip;]<\/p>\n","protected":false},"author":4,"featured_media":30728,"comment_status":"closed","ping_status":"closed","sticky":false,"template":"","format":"standard","meta":{"_joinchat":[],"footnotes":""},"categories":[39],"tags":[],"class_list":["post-30727","post","type-post","status-publish","format-standard","has-post-thumbnail","hentry","category-en-esta-seccion"],"_links":{"self":[{"href":"https:\/\/www.elpolitologoyelpolitico.com.ar\/wordpress\/wp-json\/wp\/v2\/posts\/30727","targetHints":{"allow":["GET"]}}],"collection":[{"href":"https:\/\/www.elpolitologoyelpolitico.com.ar\/wordpress\/wp-json\/wp\/v2\/posts"}],"about":[{"href":"https:\/\/www.elpolitologoyelpolitico.com.ar\/wordpress\/wp-json\/wp\/v2\/types\/post"}],"author":[{"embeddable":true,"href":"https:\/\/www.elpolitologoyelpolitico.com.ar\/wordpress\/wp-json\/wp\/v2\/users\/4"}],"replies":[{"embeddable":true,"href":"https:\/\/www.elpolitologoyelpolitico.com.ar\/wordpress\/wp-json\/wp\/v2\/comments?post=30727"}],"version-history":[{"count":0,"href":"https:\/\/www.elpolitologoyelpolitico.com.ar\/wordpress\/wp-json\/wp\/v2\/posts\/30727\/revisions"}],"wp:featuredmedia":[{"embeddable":true,"href":"https:\/\/www.elpolitologoyelpolitico.com.ar\/wordpress\/wp-json\/wp\/v2\/media\/30728"}],"wp:attachment":[{"href":"https:\/\/www.elpolitologoyelpolitico.com.ar\/wordpress\/wp-json\/wp\/v2\/media?parent=30727"}],"wp:term":[{"taxonomy":"category","embeddable":true,"href":"https:\/\/www.elpolitologoyelpolitico.com.ar\/wordpress\/wp-json\/wp\/v2\/categories?post=30727"},{"taxonomy":"post_tag","embeddable":true,"href":"https:\/\/www.elpolitologoyelpolitico.com.ar\/wordpress\/wp-json\/wp\/v2\/tags?post=30727"}],"curies":[{"name":"wp","href":"https:\/\/api.w.org\/{rel}","templated":true}]}}