{"id":30722,"date":"2023-05-11T17:00:41","date_gmt":"2023-05-11T17:00:41","guid":{"rendered":"https:\/\/www.elpolitologoyelpolitico.com.ar\/wordpress\/?p=30722"},"modified":"2023-05-11T17:00:43","modified_gmt":"2023-05-11T17:00:43","slug":"la-ucr-rio-negro-apoya-la-candidatura-de-gerardo-morales-a-presidente","status":"publish","type":"post","link":"https:\/\/www.elpolitologoyelpolitico.com.ar\/wordpress\/2023\/05\/11\/la-ucr-rio-negro-apoya-la-candidatura-de-gerardo-morales-a-presidente\/","title":{"rendered":"LA UCR R\u00cdO NEGRO APOYA LA CANDIDATURA DE GERARDO MORALES A PRESIDENTE"},"content":{"rendered":"\n<p>La UCR de Rio Negro expresa su convicci\u00f3n y acompa\u00f1amiento hacia una nueva Argentina, a partir de una transformaci\u00f3n desde el interior hacia el centro que solo puede venir de la mano de la UCR nacional con Gerardo Morales en el marco de Juntos por el Cambio.<\/p>\n\n\n\n<p>El presidente de nuestro partido ha demostrado coraje para derrotar a la corrupci\u00f3n y fortaleza para la gesti\u00f3n. Ha puesto a Jujuy en orden, en paz y en crecimiento con la recuperaci\u00f3n del Estado al servicio de los y las ciudadanos\/as.<\/p>\n\n\n\n<p>Acompa\u00f1amos y celebramos su capacidad para liderar y posicionar en la carrera presidencial a nuestro partido con su presencia territorial en cada pueblo y ciudad del pa\u00eds, as\u00ed como en la capacidad de elaborar pol\u00edticas p\u00fablicas para los problemas que aquejan a los y las argentinos\/as.<\/p>\n\n\n\n<p>Como el mismo Morales dice, \u00abvamos a dar vuelta la Argentina\u00bb, y lo haremos en la convicci\u00f3n por \u00abuna mirada mas federal, con mas calidad institucional y generaci\u00f3n de nuevos derechos, en el marco de un impostergable programa de recuperaci\u00f3n de la econom\u00eda que hoy esta desmadrada y castiga los bolsillos de los argentinos, por el desgobierno del kirchnerismo en el poder \u00ab.<\/p>\n\n\n\n<p>No hay m\u00e1s tiempo que perder, solo hay que enfocarse en los problemas de la gente. Por eso acompa\u00f1aremos su candidatura, y llevaremos nuestra ideas y mirada provincial a las Jornadas Program\u00e1ticas convocadas por el Comit\u00e9 Nacional de la Uni\u00f3n C\u00edvica Radical en la ciudad de C\u00f3rdoba para los dias 19 y 20 de mayo a los fines de debatir y consensuar un programa de gobierno para el pa\u00eds que viene.<\/p>\n\n\n\n<p>Lorena Matzen y Ariel Bernatene (legisladores electos), Marcelo Casc\u00f3n (Presidente Convenci\u00f3n Provincial), Alejandro Betel\u00fa (Secretario General Comit\u00e9 Central).<\/p>\n\n\n\n<figure class=\"wp-block-gallery has-nested-images columns-default is-cropped wp-block-gallery-1 is-layout-flex wp-block-gallery-is-layout-flex\">\n<figure class=\"wp-block-image size-large\"><img fetchpriority=\"high\" decoding=\"async\" width=\"720\" height=\"405\" data-id=\"30724\" src=\"https:\/\/www.elpolitologoyelpolitico.com.ar\/wp-content\/uploads\/2023\/05\/IMG-20230511-WA0017.jpg\" alt=\"\" class=\"wp-image-30724\" srcset=\"https:\/\/www.elpolitologoyelpolitico.com.ar\/wp-content\/uploads\/2023\/05\/IMG-20230511-WA0017.jpg 720w, https:\/\/www.elpolitologoyelpolitico.com.ar\/wp-content\/uploads\/2023\/05\/IMG-20230511-WA0017-300x169.jpg 300w\" sizes=\"(max-width: 720px) 100vw, 720px\" \/><\/figure>\n\n\n\n<figure class=\"wp-block-image size-large\"><img decoding=\"async\" width=\"720\" height=\"405\" data-id=\"30725\" src=\"https:\/\/www.elpolitologoyelpolitico.com.ar\/wp-content\/uploads\/2023\/05\/IMG-20230511-WA0015.jpg\" alt=\"\" class=\"wp-image-30725\" srcset=\"https:\/\/www.elpolitologoyelpolitico.com.ar\/wp-content\/uploads\/2023\/05\/IMG-20230511-WA0015.jpg 720w, https:\/\/www.elpolitologoyelpolitico.com.ar\/wp-content\/uploads\/2023\/05\/IMG-20230511-WA0015-300x169.jpg 300w\" sizes=\"(max-width: 720px) 100vw, 720px\" \/><\/figure>\n<\/figure>\n<div class=\"fb-background-color\">\n\t\t\t  <div \n\t\t\t  \tclass = \"fb-comments\" \n\t\t\t  \tdata-href = \"https:\/\/www.elpolitologoyelpolitico.com.ar\/wordpress\/2023\/05\/11\/la-ucr-rio-negro-apoya-la-candidatura-de-gerardo-morales-a-presidente\/\"\n\t\t\t  \tdata-numposts = \"10\"\n\t\t\t  \tdata-lazy = \"true\"\n\t\t\t\tdata-colorscheme = \"light\"\n\t\t\t\tdata-order-by = \"social\"\n\t\t\t\tdata-mobile=true>\n\t\t\t  <\/div><\/div>\n\t\t  <style>\n\t\t    .fb-background-color {\n\t\t\t\tbackground: #ffffff !important;\n\t\t\t}\n\t\t\t.fb_iframe_widget_fluid_desktop iframe {\n\t\t\t    width: 100% !important;\n\t\t\t}\n\t\t  <\/style>\n\t\t  ","protected":false},"excerpt":{"rendered":"<p>La UCR de Rio Negro expresa su convicci\u00f3n y acompa\u00f1amiento hacia una nueva Argentina, a partir de una transformaci\u00f3n desde el interior hacia el centro que solo puede venir de la mano de la UCR nacional con Gerardo Morales en el marco de Juntos por el Cambio. El presidente de nuestro partido ha demostrado coraje [&hellip;]<\/p>\n","protected":false},"author":4,"featured_media":30723,"comment_status":"closed","ping_status":"closed","sticky":false,"template":"","format":"standard","meta":{"_joinchat":[],"footnotes":""},"categories":[5],"tags":[],"class_list":["post-30722","post","type-post","status-publish","format-standard","has-post-thumbnail","hentry","category-partidos-politicos"],"_links":{"self":[{"href":"https:\/\/www.elpolitologoyelpolitico.com.ar\/wordpress\/wp-json\/wp\/v2\/posts\/30722","targetHints":{"allow":["GET"]}}],"collection":[{"href":"https:\/\/www.elpolitologoyelpolitico.com.ar\/wordpress\/wp-json\/wp\/v2\/posts"}],"about":[{"href":"https:\/\/www.elpolitologoyelpolitico.com.ar\/wordpress\/wp-json\/wp\/v2\/types\/post"}],"author":[{"embeddable":true,"href":"https:\/\/www.elpolitologoyelpolitico.com.ar\/wordpress\/wp-json\/wp\/v2\/users\/4"}],"replies":[{"embeddable":true,"href":"https:\/\/www.elpolitologoyelpolitico.com.ar\/wordpress\/wp-json\/wp\/v2\/comments?post=30722"}],"version-history":[{"count":0,"href":"https:\/\/www.elpolitologoyelpolitico.com.ar\/wordpress\/wp-json\/wp\/v2\/posts\/30722\/revisions"}],"wp:featuredmedia":[{"embeddable":true,"href":"https:\/\/www.elpolitologoyelpolitico.com.ar\/wordpress\/wp-json\/wp\/v2\/media\/30723"}],"wp:attachment":[{"href":"https:\/\/www.elpolitologoyelpolitico.com.ar\/wordpress\/wp-json\/wp\/v2\/media?parent=30722"}],"wp:term":[{"taxonomy":"category","embeddable":true,"href":"https:\/\/www.elpolitologoyelpolitico.com.ar\/wordpress\/wp-json\/wp\/v2\/categories?post=30722"},{"taxonomy":"post_tag","embeddable":true,"href":"https:\/\/www.elpolitologoyelpolitico.com.ar\/wordpress\/wp-json\/wp\/v2\/tags?post=30722"}],"curies":[{"name":"wp","href":"https:\/\/api.w.org\/{rel}","templated":true}]}}