{"id":30713,"date":"2023-05-11T16:24:06","date_gmt":"2023-05-11T16:24:06","guid":{"rendered":"https:\/\/www.elpolitologoyelpolitico.com.ar\/wordpress\/?p=30713"},"modified":"2023-05-11T16:24:08","modified_gmt":"2023-05-11T16:24:08","slug":"capacitacion-para-reducir-la-mortalidad-vinculada-a-la-hemorragia-postparto","status":"publish","type":"post","link":"https:\/\/www.elpolitologoyelpolitico.com.ar\/wordpress\/2023\/05\/11\/capacitacion-para-reducir-la-mortalidad-vinculada-a-la-hemorragia-postparto\/","title":{"rendered":"Capacitaci\u00f3n para reducir la mortalidad vinculada a la hemorragia postparto"},"content":{"rendered":"\n<p>En el marco de las actividades propuestas para este a\u00f1o, como estrategia de acci\u00f3n para la reducci\u00f3n de la morbimortalidad materna, se realiz\u00f3 en el Hospital Zonal \u201cDr. Ram\u00f3n Carrillo\u201d de Bariloche un nuevo taller de \u201cHemorragia Posparto\u201d.<\/p>\n\n\n\n<p>Se trata de una actividad dentro de la planificaci\u00f3n estrat\u00e9gica de la Secretar\u00eda de Equidad y Articulaci\u00f3n Sanitaria del Ministerio de Salud rionegrino.<\/p>\n\n\n\n<p>El taller estuvo destinado al equipo de Salud que se desempe\u00f1a en los Servicios de Obstetricia del nosocomio local y sus alrededores, estuvo a cargo de docentes del Programa de Capacitaci\u00f3n en Emergencias Obst\u00e9tricas de la Direcci\u00f3n Nacional de Salud Perinatal y Ni\u00f1ez junto al \u00c1rea de Salud Perinatal del Ministerio de Salud de R\u00edo Negro.<\/p>\n\n\n\n<p>El Doctor V\u00edctor Parodi, director interino del Hospital Zonal de Bariloche expres\u00f3: \u201cSe realiza esta capacitaci\u00f3n para reducir la mortalidad materna relacionada con la hemorragia postparto. Desde que se inici\u00f3 hace una d\u00e9cada, ha habido una reducci\u00f3n del 99% en la morbilidad y mortalidad materna.<\/p>\n\n\n\n<p>La capacitaci\u00f3n se realiza para actualizar las l\u00edneas de trabajo seg\u00fan la epidemiolog\u00eda de la zona\u201d.<br>Asimismo, la referente provincial de Salud Perinatal, Claudia Mesoraca,&nbsp; se\u00f1al\u00f3 que \u201cse ha convocado a todos los hospitales de la zona, con \u00e9xito y gran asistencia de profesionales. Lo hemos hecho el mes pasado en Cipolletti, convocando a todos los hospitales de la zona, Alto Valle y Valle Medio, con una gran convocatoria tambi\u00e9n. Y la pr\u00f3xima ser\u00e1 en la Zona Atl\u00e1ntica, concretamente en Viedma, convocando a San Antonio y R\u00edo Colorado\u201d.<\/p>\n\n\n\n<p>Por otro lado, Carolina Nigri del \u00c1rea de Ginecolog\u00eda y Obstetricia de la Direcci\u00f3n de Salud Perinatal y Ni\u00f1ez del Ministerio de Salud de&nbsp; Naci\u00f3n refiri\u00f3 que \u201clos contenidos del taller est\u00e1n apuntados a lo que es el diagn\u00f3stico precoz, el tratamiento de la hemorragia posparto debido a una causa que es la aton\u00eda uterina\u201d.<\/p>\n\n\n\n<p>\u201cLa idea de poder capacitar a los colegas en todas las regiones para tratar de actualizar conocimientos y no solamente la caracter\u00edstica de este taller es algo te\u00f3rico, mechamos teor\u00eda con pr\u00e1ctica y con simulaci\u00f3n, tenemos simuladores de baja fidelidad donde todos los profesionales que participan del taller, enfermeras, obst\u00e9tricas y m\u00e9dicos, pasan por los simuladores para poder hacer la experiencia\u201d, agreg\u00f3.<\/p>\n\n\n\n<p>Finalmente, la m\u00e9dica tocoginec\u00f3loga Josefina Pino, representante del \u00c1rea de Ginecolog\u00eda y Obstetricia de la Direcci\u00f3n de Salud Perinatal y Ni\u00f1ez de Naci\u00f3n, concluy\u00f3 que \u201cesta capacitaci\u00f3n es algo nuevo justamente porque tiene la posibilidad con estos simuladores de ver realmente c\u00f3mo se arma, c\u00f3mo se coloca el bal\u00f3n, c\u00f3mo se ve todo; teor\u00eda, pr\u00e1ctica y simulaci\u00f3n.\u201d<\/p>\n\n\n\n<figure class=\"wp-block-gallery has-nested-images columns-default is-cropped wp-block-gallery-1 is-layout-flex wp-block-gallery-is-layout-flex\">\n<figure class=\"wp-block-image size-large\"><img fetchpriority=\"high\" decoding=\"async\" width=\"1024\" height=\"525\" data-id=\"30715\" src=\"https:\/\/www.elpolitologoyelpolitico.com.ar\/wp-content\/uploads\/2023\/05\/IMG-20230511-WA0010-1024x525.jpg\" alt=\"\" class=\"wp-image-30715\" srcset=\"https:\/\/www.elpolitologoyelpolitico.com.ar\/wp-content\/uploads\/2023\/05\/IMG-20230511-WA0010-1024x525.jpg 1024w, https:\/\/www.elpolitologoyelpolitico.com.ar\/wp-content\/uploads\/2023\/05\/IMG-20230511-WA0010-300x154.jpg 300w, https:\/\/www.elpolitologoyelpolitico.com.ar\/wp-content\/uploads\/2023\/05\/IMG-20230511-WA0010-768x394.jpg 768w, https:\/\/www.elpolitologoyelpolitico.com.ar\/wp-content\/uploads\/2023\/05\/IMG-20230511-WA0010-1536x787.jpg 1536w, https:\/\/www.elpolitologoyelpolitico.com.ar\/wp-content\/uploads\/2023\/05\/IMG-20230511-WA0010.jpg 1588w\" sizes=\"(max-width: 1024px) 100vw, 1024px\" \/><\/figure>\n<\/figure>\n<div class=\"fb-background-color\">\n\t\t\t  <div \n\t\t\t  \tclass = \"fb-comments\" \n\t\t\t  \tdata-href = \"https:\/\/www.elpolitologoyelpolitico.com.ar\/wordpress\/2023\/05\/11\/capacitacion-para-reducir-la-mortalidad-vinculada-a-la-hemorragia-postparto\/\"\n\t\t\t  \tdata-numposts = \"10\"\n\t\t\t  \tdata-lazy = \"true\"\n\t\t\t\tdata-colorscheme = \"light\"\n\t\t\t\tdata-order-by = \"social\"\n\t\t\t\tdata-mobile=true>\n\t\t\t  <\/div><\/div>\n\t\t  <style>\n\t\t    .fb-background-color {\n\t\t\t\tbackground: #ffffff !important;\n\t\t\t}\n\t\t\t.fb_iframe_widget_fluid_desktop iframe {\n\t\t\t    width: 100% !important;\n\t\t\t}\n\t\t  <\/style>\n\t\t  ","protected":false},"excerpt":{"rendered":"<p>En el marco de las actividades propuestas para este a\u00f1o, como estrategia de acci\u00f3n para la reducci\u00f3n de la morbimortalidad materna, se realiz\u00f3 en el Hospital Zonal \u201cDr. Ram\u00f3n Carrillo\u201d de Bariloche un nuevo taller de \u201cHemorragia Posparto\u201d. Se trata de una actividad dentro de la planificaci\u00f3n estrat\u00e9gica de la Secretar\u00eda de Equidad y Articulaci\u00f3n [&hellip;]<\/p>\n","protected":false},"author":4,"featured_media":30714,"comment_status":"closed","ping_status":"closed","sticky":false,"template":"","format":"standard","meta":{"_joinchat":[],"footnotes":""},"categories":[4],"tags":[],"class_list":["post-30713","post","type-post","status-publish","format-standard","has-post-thumbnail","hentry","category-politicas-publicas"],"_links":{"self":[{"href":"https:\/\/www.elpolitologoyelpolitico.com.ar\/wordpress\/wp-json\/wp\/v2\/posts\/30713","targetHints":{"allow":["GET"]}}],"collection":[{"href":"https:\/\/www.elpolitologoyelpolitico.com.ar\/wordpress\/wp-json\/wp\/v2\/posts"}],"about":[{"href":"https:\/\/www.elpolitologoyelpolitico.com.ar\/wordpress\/wp-json\/wp\/v2\/types\/post"}],"author":[{"embeddable":true,"href":"https:\/\/www.elpolitologoyelpolitico.com.ar\/wordpress\/wp-json\/wp\/v2\/users\/4"}],"replies":[{"embeddable":true,"href":"https:\/\/www.elpolitologoyelpolitico.com.ar\/wordpress\/wp-json\/wp\/v2\/comments?post=30713"}],"version-history":[{"count":0,"href":"https:\/\/www.elpolitologoyelpolitico.com.ar\/wordpress\/wp-json\/wp\/v2\/posts\/30713\/revisions"}],"wp:featuredmedia":[{"embeddable":true,"href":"https:\/\/www.elpolitologoyelpolitico.com.ar\/wordpress\/wp-json\/wp\/v2\/media\/30714"}],"wp:attachment":[{"href":"https:\/\/www.elpolitologoyelpolitico.com.ar\/wordpress\/wp-json\/wp\/v2\/media?parent=30713"}],"wp:term":[{"taxonomy":"category","embeddable":true,"href":"https:\/\/www.elpolitologoyelpolitico.com.ar\/wordpress\/wp-json\/wp\/v2\/categories?post=30713"},{"taxonomy":"post_tag","embeddable":true,"href":"https:\/\/www.elpolitologoyelpolitico.com.ar\/wordpress\/wp-json\/wp\/v2\/tags?post=30713"}],"curies":[{"name":"wp","href":"https:\/\/api.w.org\/{rel}","templated":true}]}}