{"id":30706,"date":"2023-05-11T15:51:28","date_gmt":"2023-05-11T15:51:28","guid":{"rendered":"https:\/\/www.elpolitologoyelpolitico.com.ar\/wordpress\/?p=30706"},"modified":"2023-05-11T15:51:30","modified_gmt":"2023-05-11T15:51:30","slug":"betina-paez-participo-en-bahia-blanca-del-proyecto-de-mejora-de-montos-indemnizatorios-en-juicios-laborales","status":"publish","type":"post","link":"https:\/\/www.elpolitologoyelpolitico.com.ar\/wordpress\/2023\/05\/11\/betina-paez-participo-en-bahia-blanca-del-proyecto-de-mejora-de-montos-indemnizatorios-en-juicios-laborales\/","title":{"rendered":"Betina P\u00e1ez particip\u00f3 en Bah\u00eda Blanca del proyecto de&nbsp;mejora de montos indemnizatorios en juicios laborales."},"content":{"rendered":"\n<p>En Bah\u00eda Blanca, la representante gremial de UDOCBA y de la CGT zonal, particip\u00f3 en la presentaci\u00f3n del proyecto de&nbsp;mejora de montos indemnizatorios en juicios laborales.<\/p>\n\n\n\n<p>Adem\u00e1s de P\u00e1ez, estuvieron presentes las diputadas provinciales&nbsp;Maite Alvado y Soledad Alonso, autora y coautora.<\/p>\n\n\n\n<p>Este proyecto apunta a establecer la tasa de inter\u00e9s aplicable a juicios laborales de la provincia de Buenos Aires, generando un impacto positivo en las indemnizaciones de trabajadores y trabajadoras.<\/p>\n\n\n\n<p>La propuesta modificar\u00eda el art\u00edculo 48 de la Ley 11.653 sobre la liquidaci\u00f3n de las indemnizaciones.<\/p>\n<div class=\"fb-background-color\">\n\t\t\t  <div \n\t\t\t  \tclass = \"fb-comments\" \n\t\t\t  \tdata-href = \"https:\/\/www.elpolitologoyelpolitico.com.ar\/wordpress\/2023\/05\/11\/betina-paez-participo-en-bahia-blanca-del-proyecto-de-mejora-de-montos-indemnizatorios-en-juicios-laborales\/\"\n\t\t\t  \tdata-numposts = \"10\"\n\t\t\t  \tdata-lazy = \"true\"\n\t\t\t\tdata-colorscheme = \"light\"\n\t\t\t\tdata-order-by = \"social\"\n\t\t\t\tdata-mobile=true>\n\t\t\t  <\/div><\/div>\n\t\t  <style>\n\t\t    .fb-background-color {\n\t\t\t\tbackground: #ffffff !important;\n\t\t\t}\n\t\t\t.fb_iframe_widget_fluid_desktop iframe {\n\t\t\t    width: 100% !important;\n\t\t\t}\n\t\t  <\/style>\n\t\t  ","protected":false},"excerpt":{"rendered":"<p>En Bah\u00eda Blanca, la representante gremial de UDOCBA y de la CGT zonal, particip\u00f3 en la presentaci\u00f3n del proyecto de&nbsp;mejora de montos indemnizatorios en juicios laborales. Adem\u00e1s de P\u00e1ez, estuvieron presentes las diputadas provinciales&nbsp;Maite Alvado y Soledad Alonso, autora y coautora. Este proyecto apunta a establecer la tasa de inter\u00e9s aplicable a juicios laborales de [&hellip;]<\/p>\n","protected":false},"author":4,"featured_media":30707,"comment_status":"closed","ping_status":"closed","sticky":false,"template":"","format":"standard","meta":{"_joinchat":[],"footnotes":""},"categories":[39],"tags":[],"class_list":["post-30706","post","type-post","status-publish","format-standard","has-post-thumbnail","hentry","category-en-esta-seccion"],"_links":{"self":[{"href":"https:\/\/www.elpolitologoyelpolitico.com.ar\/wordpress\/wp-json\/wp\/v2\/posts\/30706","targetHints":{"allow":["GET"]}}],"collection":[{"href":"https:\/\/www.elpolitologoyelpolitico.com.ar\/wordpress\/wp-json\/wp\/v2\/posts"}],"about":[{"href":"https:\/\/www.elpolitologoyelpolitico.com.ar\/wordpress\/wp-json\/wp\/v2\/types\/post"}],"author":[{"embeddable":true,"href":"https:\/\/www.elpolitologoyelpolitico.com.ar\/wordpress\/wp-json\/wp\/v2\/users\/4"}],"replies":[{"embeddable":true,"href":"https:\/\/www.elpolitologoyelpolitico.com.ar\/wordpress\/wp-json\/wp\/v2\/comments?post=30706"}],"version-history":[{"count":0,"href":"https:\/\/www.elpolitologoyelpolitico.com.ar\/wordpress\/wp-json\/wp\/v2\/posts\/30706\/revisions"}],"wp:featuredmedia":[{"embeddable":true,"href":"https:\/\/www.elpolitologoyelpolitico.com.ar\/wordpress\/wp-json\/wp\/v2\/media\/30707"}],"wp:attachment":[{"href":"https:\/\/www.elpolitologoyelpolitico.com.ar\/wordpress\/wp-json\/wp\/v2\/media?parent=30706"}],"wp:term":[{"taxonomy":"category","embeddable":true,"href":"https:\/\/www.elpolitologoyelpolitico.com.ar\/wordpress\/wp-json\/wp\/v2\/categories?post=30706"},{"taxonomy":"post_tag","embeddable":true,"href":"https:\/\/www.elpolitologoyelpolitico.com.ar\/wordpress\/wp-json\/wp\/v2\/tags?post=30706"}],"curies":[{"name":"wp","href":"https:\/\/api.w.org\/{rel}","templated":true}]}}