{"id":30702,"date":"2023-05-11T15:39:29","date_gmt":"2023-05-11T15:39:29","guid":{"rendered":"https:\/\/www.elpolitologoyelpolitico.com.ar\/wordpress\/?p=30702"},"modified":"2023-05-11T15:39:30","modified_gmt":"2023-05-11T15:39:30","slug":"el-tango-danza-llega-a-viedma-de-la-mano-de-silvina-valz","status":"publish","type":"post","link":"https:\/\/www.elpolitologoyelpolitico.com.ar\/wordpress\/2023\/05\/11\/el-tango-danza-llega-a-viedma-de-la-mano-de-silvina-valz\/","title":{"rendered":"El Tango Danza llega a Viedma de la mano de Silvina Valz"},"content":{"rendered":"\n<p>El viernes 12 y s\u00e1bado 13 de mayo, la reconocida maestra del tango danza, Silvina Valz, llega a Viedma para compartir su trabajo de formaci\u00f3n en el Centro Cultural II (Mitre 849)<\/p>\n\n\n\n<p>La programaci\u00f3n dar\u00e1 inicio el viernes con una&nbsp; Clase Intensiva Arancelada ($3500) para nivel avanzado, de 20 a 22, trabajando Fundamentos T\u00e9cnicos ll, Circularidad.<\/p>\n\n\n\n<p>El S\u00e1bado a las 15, de manera&nbsp; libre y gratuita para toda la comunidad se brinda una clase sobre fundamentos t\u00e9cnicos l: Organizaci\u00f3n interna, relaci\u00f3n al piso, al espacio y al compa\u00f1ero. Desde las 17 de forma libre y gratuita una clase sobre T\u00e9cnica Aplicada.&nbsp; Secuencia para pista, aplicando los conceptos anteriores.<\/p>\n\n\n\n<p>En tanto ese mismo d\u00eda de 19 a 22&nbsp; se realizar\u00e1&nbsp; una pr\u00e1ctica&nbsp; de tango arancelada en $500 en el Centro Cultural II con la&nbsp; musicalizaci\u00f3n de DJT Fabri Figueroa.<\/p>\n\n\n\n<p>Los interesados en participar deben inscribirse mediante el formulario&nbsp;&nbsp;https:\/\/forms.gle\/DHWwtRG1rZqf7Fm48&nbsp;,&nbsp; pudiendo efectuar cualquier consulta al WhatsApp 02920 488 458<br>Esta propuesta cuenta con el acompa\u00f1amiento del gobierno de Viedma, a traves de la Subsecretar\u00eda de Cultura y la Secretaria de Estado de Cultura de R\u00edo Negro.<\/p>\n\n\n\n<p>Silvina Valz, es&nbsp; bailarina, docente, core\u00f3grafa con mas de 20 a\u00f1os de experiencia como artista pedagoga y bailarina, ha viajado&nbsp; alrededor de Europa, Asia, Jap\u00f3n, Rusia, Estados Unidos, y Canad\u00e1&nbsp; entre otros. Actualmente&nbsp; desempe\u00f1a sus actividades en Buenos Aires.<\/p>\n\n\n\n<p>Se ha formado y estudiado en Buenos Aires&nbsp; con diferentes maestros como Pepito Avellaneda y Gustavo Naveira entre otros. Su formaci\u00f3n en danza a\u00e9rea , jazz y contempor\u00e1neo han sido parte de su b\u00fasqueda. Incursionando en t\u00e9cnicas&nbsp; relacionadas a la salud , ha obtenido una Certificaci\u00f3n en Biokinetics.<\/p>\n\n\n\n<p>Su danza incorpora elementos de un estilo tradicional y cl\u00e1sico, mezclando t\u00e9cnicas mas actuales y modernas. Se destaca por su&nbsp; exquisita manera de interpretar musicalmente , gran habilidad&nbsp; t\u00e9cnica, acompa\u00f1ada de car\u00e1cter, fluidez y pasi\u00f3n \u00fanicas.<\/p>\n\n\n\n<p>El recorrido art\u00edstico de Silvina Valz es un ejemplo interesante&nbsp; de un prol\u00edfero inter\u00e9s en la investigaci\u00f3n y profundizaci\u00f3n de diversos lenguajes relacionados&nbsp; a la danza y a la escena en general.<\/p>\n\n\n\n<p>Reconocida y respetada maestra de la Argentina por su desarrollo pedag\u00f3gico&nbsp; y precisi\u00f3n en el trabajo corporal. Su ense\u00f1anza es clara, metodol\u00f3gica, y estructurada de forma&nbsp; inteligente. En la actualidad es reconocida por su aporte t\u00e9cnico formando&nbsp; formadores.<\/p>\n\n\n\n<p>Su camino en las Artes Dram\u00e1ticas , tuvo lugar en el Teatro Antoine Vitez,&nbsp; durante su permanencia en&nbsp; Par\u00eds,&nbsp; donde se desarrollo art\u00edsticamente durante numerosos a\u00f1os. Simult\u00e1neamente ha trabajado como core\u00f3grafa y como asistente de Mise en Scene en el mismo Teatro. Entre otros desaf\u00edos , ha ense\u00f1ado el arte de la danza y el Drama en la Escuela Nacional de J\u00f3venes Ciegos en Francia, concluyendo de este modo uno de sus intereses mayores, el ser humano como potencial de Amor inconmensurable.<\/p>\n\n\n\n<p>Otro de sus puntos\u00a0 de inter\u00e9s es la poes\u00eda , como forma art\u00edstica, psicoanal\u00edtica\u00a0 y espiritual de la palabra.<\/p>\n\n\n\n<figure class=\"wp-block-image size-large is-resized\"><img fetchpriority=\"high\" decoding=\"async\" src=\"https:\/\/www.elpolitologoyelpolitico.com.ar\/wp-content\/uploads\/2023\/05\/IMG-20230511-WA0003-576x1024.jpg\" alt=\"\" class=\"wp-image-30704\" width=\"670\" height=\"1192\" srcset=\"https:\/\/www.elpolitologoyelpolitico.com.ar\/wp-content\/uploads\/2023\/05\/IMG-20230511-WA0003-576x1024.jpg 576w, https:\/\/www.elpolitologoyelpolitico.com.ar\/wp-content\/uploads\/2023\/05\/IMG-20230511-WA0003-169x300.jpg 169w, https:\/\/www.elpolitologoyelpolitico.com.ar\/wp-content\/uploads\/2023\/05\/IMG-20230511-WA0003.jpg 720w\" sizes=\"(max-width: 670px) 100vw, 670px\" \/><\/figure>\n<div class=\"fb-background-color\">\n\t\t\t  <div \n\t\t\t  \tclass = \"fb-comments\" \n\t\t\t  \tdata-href = \"https:\/\/www.elpolitologoyelpolitico.com.ar\/wordpress\/2023\/05\/11\/el-tango-danza-llega-a-viedma-de-la-mano-de-silvina-valz\/\"\n\t\t\t  \tdata-numposts = \"10\"\n\t\t\t  \tdata-lazy = \"true\"\n\t\t\t\tdata-colorscheme = \"light\"\n\t\t\t\tdata-order-by = \"social\"\n\t\t\t\tdata-mobile=true>\n\t\t\t  <\/div><\/div>\n\t\t  <style>\n\t\t    .fb-background-color {\n\t\t\t\tbackground: #ffffff !important;\n\t\t\t}\n\t\t\t.fb_iframe_widget_fluid_desktop iframe {\n\t\t\t    width: 100% !important;\n\t\t\t}\n\t\t  <\/style>\n\t\t  ","protected":false},"excerpt":{"rendered":"<p>El viernes 12 y s\u00e1bado 13 de mayo, la reconocida maestra del tango danza, Silvina Valz, llega a Viedma para compartir su trabajo de formaci\u00f3n en el Centro Cultural II (Mitre 849) La programaci\u00f3n dar\u00e1 inicio el viernes con una&nbsp; Clase Intensiva Arancelada ($3500) para nivel avanzado, de 20 a 22, trabajando Fundamentos T\u00e9cnicos ll, [&hellip;]<\/p>\n","protected":false},"author":4,"featured_media":30703,"comment_status":"closed","ping_status":"closed","sticky":false,"template":"","format":"standard","meta":{"_joinchat":[],"footnotes":""},"categories":[39],"tags":[],"class_list":["post-30702","post","type-post","status-publish","format-standard","has-post-thumbnail","hentry","category-en-esta-seccion"],"_links":{"self":[{"href":"https:\/\/www.elpolitologoyelpolitico.com.ar\/wordpress\/wp-json\/wp\/v2\/posts\/30702","targetHints":{"allow":["GET"]}}],"collection":[{"href":"https:\/\/www.elpolitologoyelpolitico.com.ar\/wordpress\/wp-json\/wp\/v2\/posts"}],"about":[{"href":"https:\/\/www.elpolitologoyelpolitico.com.ar\/wordpress\/wp-json\/wp\/v2\/types\/post"}],"author":[{"embeddable":true,"href":"https:\/\/www.elpolitologoyelpolitico.com.ar\/wordpress\/wp-json\/wp\/v2\/users\/4"}],"replies":[{"embeddable":true,"href":"https:\/\/www.elpolitologoyelpolitico.com.ar\/wordpress\/wp-json\/wp\/v2\/comments?post=30702"}],"version-history":[{"count":0,"href":"https:\/\/www.elpolitologoyelpolitico.com.ar\/wordpress\/wp-json\/wp\/v2\/posts\/30702\/revisions"}],"wp:featuredmedia":[{"embeddable":true,"href":"https:\/\/www.elpolitologoyelpolitico.com.ar\/wordpress\/wp-json\/wp\/v2\/media\/30703"}],"wp:attachment":[{"href":"https:\/\/www.elpolitologoyelpolitico.com.ar\/wordpress\/wp-json\/wp\/v2\/media?parent=30702"}],"wp:term":[{"taxonomy":"category","embeddable":true,"href":"https:\/\/www.elpolitologoyelpolitico.com.ar\/wordpress\/wp-json\/wp\/v2\/categories?post=30702"},{"taxonomy":"post_tag","embeddable":true,"href":"https:\/\/www.elpolitologoyelpolitico.com.ar\/wordpress\/wp-json\/wp\/v2\/tags?post=30702"}],"curies":[{"name":"wp","href":"https:\/\/api.w.org\/{rel}","templated":true}]}}