{"id":30676,"date":"2023-05-10T13:58:31","date_gmt":"2023-05-10T13:58:31","guid":{"rendered":"https:\/\/www.elpolitologoyelpolitico.com.ar\/wordpress\/?p=30676"},"modified":"2023-05-10T13:58:34","modified_gmt":"2023-05-10T13:58:34","slug":"viedma-se-promociono-en-san-carlos-de-bariloche-ante-operadores-de-viajes-de-todo-el-pais","status":"publish","type":"post","link":"https:\/\/www.elpolitologoyelpolitico.com.ar\/wordpress\/2023\/05\/10\/viedma-se-promociono-en-san-carlos-de-bariloche-ante-operadores-de-viajes-de-todo-el-pais\/","title":{"rendered":"Viedma se promocion\u00f3 en San Carlos de Bariloche ante operadores de viajes de todo el pa\u00eds&nbsp;"},"content":{"rendered":"\n<p>El gobierno de Viedma a trav\u00e9s de la Subsecretar\u00eda de Turismo junto al Envitur particip\u00f3 del 48\u00b0 Congreso de Agentes de Viajes, organizado por la Federaci\u00f3n Argentina de empresas de viajes y turismo -FAEVYT- en San Carlos de Bariloche.<\/p>\n\n\n\n<p>Junto al Ministerio de Turismo y Deporte de Rio Negro, Viedma estuvo presente con la propuesta de promocionar el destino y su oferta receptiva dentro de la Region Mar de la provincia.<\/p>\n\n\n\n<p>En el congreso participaron m\u00e1s de 1200 agentes de viajes y operadores tur\u00edsticos de todo el pa\u00eds, alternando las actividades de workshop con talleres y charlas dirigidas al sector.<\/p>\n\n\n\n<p>En este sentido, Viedma busca abrirse al canal de ventas de agencias de viajes con propuestas concretas, motivo por el que en esta oportunidad la agencia local Kosten tambi\u00e9n estuvo presente, invitada por el ENVITUR.<\/p>\n\n\n\n<p>El Ente Mixto de Promoci\u00f3n Tur\u00edstica local ha adoptado como estrategia estar en forma conjunta en este tipo de encuentros de comercializaci\u00f3n, con los operadores locales que tengan propuestas de turismo receptivo para atraer turistas a nuestra ciudad.<\/p>\n\n\n\n<figure class=\"wp-block-image size-full\"><img fetchpriority=\"high\" decoding=\"async\" width=\"720\" height=\"643\" src=\"https:\/\/www.elpolitologoyelpolitico.com.ar\/wp-content\/uploads\/2023\/05\/IMG-20230510-WA0006.jpg\" alt=\"\" class=\"wp-image-30678\" srcset=\"https:\/\/www.elpolitologoyelpolitico.com.ar\/wp-content\/uploads\/2023\/05\/IMG-20230510-WA0006.jpg 720w, https:\/\/www.elpolitologoyelpolitico.com.ar\/wp-content\/uploads\/2023\/05\/IMG-20230510-WA0006-300x268.jpg 300w\" sizes=\"(max-width: 720px) 100vw, 720px\" \/><\/figure>\n<div class=\"fb-background-color\">\n\t\t\t  <div \n\t\t\t  \tclass = \"fb-comments\" \n\t\t\t  \tdata-href = \"https:\/\/www.elpolitologoyelpolitico.com.ar\/wordpress\/2023\/05\/10\/viedma-se-promociono-en-san-carlos-de-bariloche-ante-operadores-de-viajes-de-todo-el-pais\/\"\n\t\t\t  \tdata-numposts = \"10\"\n\t\t\t  \tdata-lazy = \"true\"\n\t\t\t\tdata-colorscheme = \"light\"\n\t\t\t\tdata-order-by = \"social\"\n\t\t\t\tdata-mobile=true>\n\t\t\t  <\/div><\/div>\n\t\t  <style>\n\t\t    .fb-background-color {\n\t\t\t\tbackground: #ffffff !important;\n\t\t\t}\n\t\t\t.fb_iframe_widget_fluid_desktop iframe {\n\t\t\t    width: 100% !important;\n\t\t\t}\n\t\t  <\/style>\n\t\t  ","protected":false},"excerpt":{"rendered":"<p>El gobierno de Viedma a trav\u00e9s de la Subsecretar\u00eda de Turismo junto al Envitur particip\u00f3 del 48\u00b0 Congreso de Agentes de Viajes, organizado por la Federaci\u00f3n Argentina de empresas de viajes y turismo -FAEVYT- en San Carlos de Bariloche. Junto al Ministerio de Turismo y Deporte de Rio Negro, Viedma estuvo presente con la propuesta [&hellip;]<\/p>\n","protected":false},"author":4,"featured_media":30677,"comment_status":"closed","ping_status":"closed","sticky":false,"template":"","format":"standard","meta":{"_joinchat":[],"footnotes":""},"categories":[39],"tags":[],"class_list":["post-30676","post","type-post","status-publish","format-standard","has-post-thumbnail","hentry","category-en-esta-seccion"],"_links":{"self":[{"href":"https:\/\/www.elpolitologoyelpolitico.com.ar\/wordpress\/wp-json\/wp\/v2\/posts\/30676","targetHints":{"allow":["GET"]}}],"collection":[{"href":"https:\/\/www.elpolitologoyelpolitico.com.ar\/wordpress\/wp-json\/wp\/v2\/posts"}],"about":[{"href":"https:\/\/www.elpolitologoyelpolitico.com.ar\/wordpress\/wp-json\/wp\/v2\/types\/post"}],"author":[{"embeddable":true,"href":"https:\/\/www.elpolitologoyelpolitico.com.ar\/wordpress\/wp-json\/wp\/v2\/users\/4"}],"replies":[{"embeddable":true,"href":"https:\/\/www.elpolitologoyelpolitico.com.ar\/wordpress\/wp-json\/wp\/v2\/comments?post=30676"}],"version-history":[{"count":0,"href":"https:\/\/www.elpolitologoyelpolitico.com.ar\/wordpress\/wp-json\/wp\/v2\/posts\/30676\/revisions"}],"wp:featuredmedia":[{"embeddable":true,"href":"https:\/\/www.elpolitologoyelpolitico.com.ar\/wordpress\/wp-json\/wp\/v2\/media\/30677"}],"wp:attachment":[{"href":"https:\/\/www.elpolitologoyelpolitico.com.ar\/wordpress\/wp-json\/wp\/v2\/media?parent=30676"}],"wp:term":[{"taxonomy":"category","embeddable":true,"href":"https:\/\/www.elpolitologoyelpolitico.com.ar\/wordpress\/wp-json\/wp\/v2\/categories?post=30676"},{"taxonomy":"post_tag","embeddable":true,"href":"https:\/\/www.elpolitologoyelpolitico.com.ar\/wordpress\/wp-json\/wp\/v2\/tags?post=30676"}],"curies":[{"name":"wp","href":"https:\/\/api.w.org\/{rel}","templated":true}]}}