{"id":30663,"date":"2023-05-10T02:44:42","date_gmt":"2023-05-10T02:44:42","guid":{"rendered":"https:\/\/www.elpolitologoyelpolitico.com.ar\/wordpress\/?p=30663"},"modified":"2023-05-10T02:44:44","modified_gmt":"2023-05-10T02:44:44","slug":"educacion-avanza-con-el-reacondicionamiento-del-cet-11-de-viedma","status":"publish","type":"post","link":"https:\/\/www.elpolitologoyelpolitico.com.ar\/wordpress\/2023\/05\/10\/educacion-avanza-con-el-reacondicionamiento-del-cet-11-de-viedma\/","title":{"rendered":"Educaci\u00f3n avanza con el reacondicionamiento del CET 11 de Viedma"},"content":{"rendered":"\n<p>En cumplimiento de los compromisos asumidos en sendas reuniones mantenidas con familias de estudiantes del Centro de Educaci\u00f3n T\u00e9cnica N\u00ba 11 (ESFA) de Viedma, el Ministerio de Educaci\u00f3n y Derechos Humanos realiz\u00f3 distintos trabajos edilicios coordinados desde el Consejo Escolar Valle Inferior.<\/p>\n\n\n\n<p>Se trata de la instalaci\u00f3n de aires acondicionados para calefaccionar un sector de la escuela habilitado provisoriamente hasta la construcci\u00f3n de las dos aulas licitadas.<\/p>\n\n\n\n<p>Tambi\u00e9n, la habilitaci\u00f3n all\u00ed de una puerta de emergencia y la continuidad del reacondicionamiento de ese espacio.<\/p>\n\n\n\n<p>Las solicitudes de las familias fueron recepcionadas en dos reuniones realizadas el 17 de abril y el 4 de mayo, de las que participaron el secretario de Educaci\u00f3n, Duilio Minieri, y el director de Educaci\u00f3n T\u00e9cnica Profesional, Alejo Eterovich. Del segundo encuentro tambi\u00e9n tom\u00f3 parte la coordinadora del Consejo Escolar local, Bibiana Wilberger.<\/p>\n\n\n\n<p>Ampliaci\u00f3n<\/p>\n\n\n\n<p>Cabe recordar que se encuentra en pleno proceso la adjudicaci\u00f3n de la obra de ampliaci\u00f3n del edificio de este establecimiento educativo que funciona en la zona rural de El Juncal.<\/p>\n\n\n\n<p>El proyecto contempla la construcci\u00f3n de dos aulas con el sistema constructivo tradicional. La superficie total a construir es de 127 m2, ubicada a continuaci\u00f3n del pasillo existente en la planta alta de la escuela.&nbsp;<\/p>\n\n\n\n<p>La obra tiene un plazo de ejecuci\u00f3n 120 d\u00edas y la realizar\u00e1 la empresa Cementos del Valle, con un presupuesto de $32.992.000.<\/p>\n<div class=\"fb-background-color\">\n\t\t\t  <div \n\t\t\t  \tclass = \"fb-comments\" \n\t\t\t  \tdata-href = \"https:\/\/www.elpolitologoyelpolitico.com.ar\/wordpress\/2023\/05\/10\/educacion-avanza-con-el-reacondicionamiento-del-cet-11-de-viedma\/\"\n\t\t\t  \tdata-numposts = \"10\"\n\t\t\t  \tdata-lazy = \"true\"\n\t\t\t\tdata-colorscheme = \"light\"\n\t\t\t\tdata-order-by = \"social\"\n\t\t\t\tdata-mobile=true>\n\t\t\t  <\/div><\/div>\n\t\t  <style>\n\t\t    .fb-background-color {\n\t\t\t\tbackground: #ffffff !important;\n\t\t\t}\n\t\t\t.fb_iframe_widget_fluid_desktop iframe {\n\t\t\t    width: 100% !important;\n\t\t\t}\n\t\t  <\/style>\n\t\t  ","protected":false},"excerpt":{"rendered":"<p>En cumplimiento de los compromisos asumidos en sendas reuniones mantenidas con familias de estudiantes del Centro de Educaci\u00f3n T\u00e9cnica N\u00ba 11 (ESFA) de Viedma, el Ministerio de Educaci\u00f3n y Derechos Humanos realiz\u00f3 distintos trabajos edilicios coordinados desde el Consejo Escolar Valle Inferior. Se trata de la instalaci\u00f3n de aires acondicionados para calefaccionar un sector de [&hellip;]<\/p>\n","protected":false},"author":4,"featured_media":30664,"comment_status":"closed","ping_status":"closed","sticky":false,"template":"","format":"standard","meta":{"_joinchat":[],"footnotes":""},"categories":[4],"tags":[],"class_list":["post-30663","post","type-post","status-publish","format-standard","has-post-thumbnail","hentry","category-politicas-publicas"],"_links":{"self":[{"href":"https:\/\/www.elpolitologoyelpolitico.com.ar\/wordpress\/wp-json\/wp\/v2\/posts\/30663","targetHints":{"allow":["GET"]}}],"collection":[{"href":"https:\/\/www.elpolitologoyelpolitico.com.ar\/wordpress\/wp-json\/wp\/v2\/posts"}],"about":[{"href":"https:\/\/www.elpolitologoyelpolitico.com.ar\/wordpress\/wp-json\/wp\/v2\/types\/post"}],"author":[{"embeddable":true,"href":"https:\/\/www.elpolitologoyelpolitico.com.ar\/wordpress\/wp-json\/wp\/v2\/users\/4"}],"replies":[{"embeddable":true,"href":"https:\/\/www.elpolitologoyelpolitico.com.ar\/wordpress\/wp-json\/wp\/v2\/comments?post=30663"}],"version-history":[{"count":0,"href":"https:\/\/www.elpolitologoyelpolitico.com.ar\/wordpress\/wp-json\/wp\/v2\/posts\/30663\/revisions"}],"wp:featuredmedia":[{"embeddable":true,"href":"https:\/\/www.elpolitologoyelpolitico.com.ar\/wordpress\/wp-json\/wp\/v2\/media\/30664"}],"wp:attachment":[{"href":"https:\/\/www.elpolitologoyelpolitico.com.ar\/wordpress\/wp-json\/wp\/v2\/media?parent=30663"}],"wp:term":[{"taxonomy":"category","embeddable":true,"href":"https:\/\/www.elpolitologoyelpolitico.com.ar\/wordpress\/wp-json\/wp\/v2\/categories?post=30663"},{"taxonomy":"post_tag","embeddable":true,"href":"https:\/\/www.elpolitologoyelpolitico.com.ar\/wordpress\/wp-json\/wp\/v2\/tags?post=30663"}],"curies":[{"name":"wp","href":"https:\/\/api.w.org\/{rel}","templated":true}]}}