{"id":30660,"date":"2023-05-10T02:23:08","date_gmt":"2023-05-10T02:23:08","guid":{"rendered":"https:\/\/www.elpolitologoyelpolitico.com.ar\/wordpress\/?p=30660"},"modified":"2023-05-10T02:23:10","modified_gmt":"2023-05-10T02:23:10","slug":"capacitacion-para-optimizar-los-tramites-de-la-licencia-nacional-de-conducir","status":"publish","type":"post","link":"https:\/\/www.elpolitologoyelpolitico.com.ar\/wordpress\/2023\/05\/10\/capacitacion-para-optimizar-los-tramites-de-la-licencia-nacional-de-conducir\/","title":{"rendered":"Capacitaci\u00f3n&nbsp;para optimizar los tr\u00e1mites de la Licencia Nacional de Conducir"},"content":{"rendered":"\n<p>La Agencia Nacional de Seguridad Vial llevar\u00e1 a cabo una capacitaci\u00f3n en Viedma con el objetivo de optimizar los tr\u00e1mites para la obtenci\u00f3n de la Licencia Nacional de Conducir, y mejorar la atenci\u00f3n al p\u00fablico.<\/p>\n\n\n\n<p>El titular de la Agencia en Viedma, Jorge Vilca, explic\u00f3 que la capacitaci\u00f3n est\u00e1 dirigida a aquellos encargados de las acciones administrativas y a los instructores a cargo de las operaciones pr\u00e1cticas.<\/p>\n\n\n\n<p>La actividad se llevar\u00e1 a cabo los d\u00edas martes 9 y mi\u00e9rcoles 10, de mayo en la sala Alcides Biagetti del Centro Municipal de Cultura, lo que implicar\u00e1 el cierre de la agencia durante esos dos d\u00edas.<\/p>\n\n\n\n<p>La oficina volver\u00e1 a su horario normal de atenci\u00f3n el jueves 11.<\/p>\n\n\n\n<p>Vilca tambi\u00e9n inform\u00f3 que est\u00e1n trabajando en coordinaci\u00f3n con la Agencia Nacional de Seguridad Vial y que se aprovechar\u00e1 la presencia de los capacitadores para incluir a m\u00e1s municipios de la regi\u00f3n.<\/p>\n\n\n\n<p>En la capacitaci\u00f3n participar\u00e1n operadores, instructores y evaluadores de Guardia Mitre, San Antonio, Valcheta, Los Menucos, Sierra Colorada, Luis Beltr\u00e1n y Belisle.<\/p>\n\n\n\n<p>\u00abEsta iniciativa tiene como objetivo mejorar la calidad de atenci\u00f3n al p\u00fablico y agilizar los tr\u00e1mites para la obtenci\u00f3n de la licencia de conducir\u00bb, dijo Vilca, y agreg\u00f3: \u00abFinalizada la capacitaci\u00f3n, se evaluar\u00e1 a cada uno de los participantes, que obtendr\u00e1n as\u00ed la matr\u00edcula que los habilita a atender las demandas del &nbsp;Sistema Nacional de Licencias de Conducir\u00bb.<\/p>\n<div class=\"fb-background-color\">\n\t\t\t  <div \n\t\t\t  \tclass = \"fb-comments\" \n\t\t\t  \tdata-href = \"https:\/\/www.elpolitologoyelpolitico.com.ar\/wordpress\/2023\/05\/10\/capacitacion-para-optimizar-los-tramites-de-la-licencia-nacional-de-conducir\/\"\n\t\t\t  \tdata-numposts = \"10\"\n\t\t\t  \tdata-lazy = \"true\"\n\t\t\t\tdata-colorscheme = \"light\"\n\t\t\t\tdata-order-by = \"social\"\n\t\t\t\tdata-mobile=true>\n\t\t\t  <\/div><\/div>\n\t\t  <style>\n\t\t    .fb-background-color {\n\t\t\t\tbackground: #ffffff !important;\n\t\t\t}\n\t\t\t.fb_iframe_widget_fluid_desktop iframe {\n\t\t\t    width: 100% !important;\n\t\t\t}\n\t\t  <\/style>\n\t\t  ","protected":false},"excerpt":{"rendered":"<p>La Agencia Nacional de Seguridad Vial llevar\u00e1 a cabo una capacitaci\u00f3n en Viedma con el objetivo de optimizar los tr\u00e1mites para la obtenci\u00f3n de la Licencia Nacional de Conducir, y mejorar la atenci\u00f3n al p\u00fablico. El titular de la Agencia en Viedma, Jorge Vilca, explic\u00f3 que la capacitaci\u00f3n est\u00e1 dirigida a aquellos encargados de las [&hellip;]<\/p>\n","protected":false},"author":4,"featured_media":30661,"comment_status":"closed","ping_status":"closed","sticky":false,"template":"","format":"standard","meta":{"_joinchat":[],"footnotes":""},"categories":[39],"tags":[],"class_list":["post-30660","post","type-post","status-publish","format-standard","has-post-thumbnail","hentry","category-en-esta-seccion"],"_links":{"self":[{"href":"https:\/\/www.elpolitologoyelpolitico.com.ar\/wordpress\/wp-json\/wp\/v2\/posts\/30660","targetHints":{"allow":["GET"]}}],"collection":[{"href":"https:\/\/www.elpolitologoyelpolitico.com.ar\/wordpress\/wp-json\/wp\/v2\/posts"}],"about":[{"href":"https:\/\/www.elpolitologoyelpolitico.com.ar\/wordpress\/wp-json\/wp\/v2\/types\/post"}],"author":[{"embeddable":true,"href":"https:\/\/www.elpolitologoyelpolitico.com.ar\/wordpress\/wp-json\/wp\/v2\/users\/4"}],"replies":[{"embeddable":true,"href":"https:\/\/www.elpolitologoyelpolitico.com.ar\/wordpress\/wp-json\/wp\/v2\/comments?post=30660"}],"version-history":[{"count":0,"href":"https:\/\/www.elpolitologoyelpolitico.com.ar\/wordpress\/wp-json\/wp\/v2\/posts\/30660\/revisions"}],"wp:featuredmedia":[{"embeddable":true,"href":"https:\/\/www.elpolitologoyelpolitico.com.ar\/wordpress\/wp-json\/wp\/v2\/media\/30661"}],"wp:attachment":[{"href":"https:\/\/www.elpolitologoyelpolitico.com.ar\/wordpress\/wp-json\/wp\/v2\/media?parent=30660"}],"wp:term":[{"taxonomy":"category","embeddable":true,"href":"https:\/\/www.elpolitologoyelpolitico.com.ar\/wordpress\/wp-json\/wp\/v2\/categories?post=30660"},{"taxonomy":"post_tag","embeddable":true,"href":"https:\/\/www.elpolitologoyelpolitico.com.ar\/wordpress\/wp-json\/wp\/v2\/tags?post=30660"}],"curies":[{"name":"wp","href":"https:\/\/api.w.org\/{rel}","templated":true}]}}