{"id":30651,"date":"2023-05-10T00:46:17","date_gmt":"2023-05-10T00:46:17","guid":{"rendered":"https:\/\/www.elpolitologoyelpolitico.com.ar\/wordpress\/?p=30651"},"modified":"2023-05-10T00:46:19","modified_gmt":"2023-05-10T00:46:19","slug":"nueva-convocatoria-a-la-comunidad-de-patagones","status":"publish","type":"post","link":"https:\/\/www.elpolitologoyelpolitico.com.ar\/wordpress\/2023\/05\/10\/nueva-convocatoria-a-la-comunidad-de-patagones\/","title":{"rendered":"NUEVA CONVOCATORIA A LA COMUNIDAD DE PATAGONES"},"content":{"rendered":"\n<p>Se informa a los vecinos, que se realiza el segundo llamado para la creaci\u00f3n de la Comisi\u00f3n de aprovechamiento de los Recursos H\u00eddricos del Partido de Patagones.<\/p>\n\n\n\n<p>La convocatoria es para el d\u00eda 1 de junio del corriente en la Asociaci\u00f3n Agr\u00edcola Ganadera e Industrial de Villalonga, a las 18 horas y est\u00e1 abierta a la comunidad, representantes de entidades y vecinos para la conformaci\u00f3n de \u00e9sta Comisi\u00f3n.<\/p>\n\n\n\n<p>Recordamos que es necesario elaborar y mantener actualizada la pol\u00edtica sobre los Recursos H\u00eddricos, como una pol\u00edtica de estado, para conseguir un Desarrollo Integral, teniendo como eje principal el consumo humano y para ello es necesario la movilizaci\u00f3n de todas las fuerzas productivas.<\/p>\n\n\n\n<p>Para m\u00e1s informaci\u00f3n y confirmaci\u00f3n de presencia comunicarse a los siguientes tel\u00e9fonos de contacto:<\/p>\n\n\n\n<p>Julio Costantino \u2013 Presidente del HCD 2920576474<\/p>\n\n\n\n<p>Juan Luis Aldao Humble &#8211; vecino de Patagones 2920495555<\/p>\n\n\n\n<figure class=\"wp-block-image size-large\"><img fetchpriority=\"high\" decoding=\"async\" width=\"1024\" height=\"678\" src=\"https:\/\/www.elpolitologoyelpolitico.com.ar\/wp-content\/uploads\/2023\/05\/IMG-20230509-WA0026-1024x678.jpg\" alt=\"\" class=\"wp-image-30653\" srcset=\"https:\/\/www.elpolitologoyelpolitico.com.ar\/wp-content\/uploads\/2023\/05\/IMG-20230509-WA0026-1024x678.jpg 1024w, https:\/\/www.elpolitologoyelpolitico.com.ar\/wp-content\/uploads\/2023\/05\/IMG-20230509-WA0026-300x199.jpg 300w, https:\/\/www.elpolitologoyelpolitico.com.ar\/wp-content\/uploads\/2023\/05\/IMG-20230509-WA0026-768x508.jpg 768w, https:\/\/www.elpolitologoyelpolitico.com.ar\/wp-content\/uploads\/2023\/05\/IMG-20230509-WA0026-1536x1017.jpg 1536w, https:\/\/www.elpolitologoyelpolitico.com.ar\/wp-content\/uploads\/2023\/05\/IMG-20230509-WA0026.jpg 1600w\" sizes=\"(max-width: 1024px) 100vw, 1024px\" \/><\/figure>\n<div class=\"fb-background-color\">\n\t\t\t  <div \n\t\t\t  \tclass = \"fb-comments\" \n\t\t\t  \tdata-href = \"https:\/\/www.elpolitologoyelpolitico.com.ar\/wordpress\/2023\/05\/10\/nueva-convocatoria-a-la-comunidad-de-patagones\/\"\n\t\t\t  \tdata-numposts = \"10\"\n\t\t\t  \tdata-lazy = \"true\"\n\t\t\t\tdata-colorscheme = \"light\"\n\t\t\t\tdata-order-by = \"social\"\n\t\t\t\tdata-mobile=true>\n\t\t\t  <\/div><\/div>\n\t\t  <style>\n\t\t    .fb-background-color {\n\t\t\t\tbackground: #ffffff !important;\n\t\t\t}\n\t\t\t.fb_iframe_widget_fluid_desktop iframe {\n\t\t\t    width: 100% !important;\n\t\t\t}\n\t\t  <\/style>\n\t\t  ","protected":false},"excerpt":{"rendered":"<p>Se informa a los vecinos, que se realiza el segundo llamado para la creaci\u00f3n de la Comisi\u00f3n de aprovechamiento de los Recursos H\u00eddricos del Partido de Patagones. La convocatoria es para el d\u00eda 1 de junio del corriente en la Asociaci\u00f3n Agr\u00edcola Ganadera e Industrial de Villalonga, a las 18 horas y est\u00e1 abierta a [&hellip;]<\/p>\n","protected":false},"author":4,"featured_media":30592,"comment_status":"closed","ping_status":"closed","sticky":false,"template":"","format":"standard","meta":{"_joinchat":[],"footnotes":""},"categories":[39],"tags":[],"class_list":["post-30651","post","type-post","status-publish","format-standard","has-post-thumbnail","hentry","category-en-esta-seccion"],"_links":{"self":[{"href":"https:\/\/www.elpolitologoyelpolitico.com.ar\/wordpress\/wp-json\/wp\/v2\/posts\/30651","targetHints":{"allow":["GET"]}}],"collection":[{"href":"https:\/\/www.elpolitologoyelpolitico.com.ar\/wordpress\/wp-json\/wp\/v2\/posts"}],"about":[{"href":"https:\/\/www.elpolitologoyelpolitico.com.ar\/wordpress\/wp-json\/wp\/v2\/types\/post"}],"author":[{"embeddable":true,"href":"https:\/\/www.elpolitologoyelpolitico.com.ar\/wordpress\/wp-json\/wp\/v2\/users\/4"}],"replies":[{"embeddable":true,"href":"https:\/\/www.elpolitologoyelpolitico.com.ar\/wordpress\/wp-json\/wp\/v2\/comments?post=30651"}],"version-history":[{"count":0,"href":"https:\/\/www.elpolitologoyelpolitico.com.ar\/wordpress\/wp-json\/wp\/v2\/posts\/30651\/revisions"}],"wp:featuredmedia":[{"embeddable":true,"href":"https:\/\/www.elpolitologoyelpolitico.com.ar\/wordpress\/wp-json\/wp\/v2\/media\/30592"}],"wp:attachment":[{"href":"https:\/\/www.elpolitologoyelpolitico.com.ar\/wordpress\/wp-json\/wp\/v2\/media?parent=30651"}],"wp:term":[{"taxonomy":"category","embeddable":true,"href":"https:\/\/www.elpolitologoyelpolitico.com.ar\/wordpress\/wp-json\/wp\/v2\/categories?post=30651"},{"taxonomy":"post_tag","embeddable":true,"href":"https:\/\/www.elpolitologoyelpolitico.com.ar\/wordpress\/wp-json\/wp\/v2\/tags?post=30651"}],"curies":[{"name":"wp","href":"https:\/\/api.w.org\/{rel}","templated":true}]}}