{"id":30648,"date":"2023-05-09T21:52:04","date_gmt":"2023-05-09T21:52:04","guid":{"rendered":"https:\/\/www.elpolitologoyelpolitico.com.ar\/wordpress\/?p=30648"},"modified":"2023-05-09T21:52:05","modified_gmt":"2023-05-09T21:52:05","slug":"viedma-vuelve-a-ser-epicentro-de-capacitaciones-en-temas-de-salud","status":"publish","type":"post","link":"https:\/\/www.elpolitologoyelpolitico.com.ar\/wordpress\/2023\/05\/09\/viedma-vuelve-a-ser-epicentro-de-capacitaciones-en-temas-de-salud\/","title":{"rendered":"Viedma, vuelve a ser epicentro de capacitaciones en temas de salud."},"content":{"rendered":"\n<p>Del martes 2 al Viernes 5 de Mayo, se realiz\u00f3 en Viedma por primera vez, el curso de Cirug\u00eda Bucomaxilofacial , para el tratamiento de maxilares Atroficos con implantes Cigomaticos con Planificaci\u00f3n virtual.<\/p>\n\n\n\n<p>El desarrollo de la certificaci\u00f3n dictada por el Dr. Jos\u00e9 Galiano (Odontologo &#8211; Cirujano Maxilofacial especialista en pr\u00f3tesis Uba), sus colegas Jorge Ben\u00edtez y Alejandro Encinas se realiz\u00f3 en el MicroCine del Instituto Multidisciplinario de Oncologia (IMO).<\/p>\n\n\n\n<p>El curso patrocinado por la Cl\u00ednica Viedma y CEO Viedma, recibi\u00f3 especialistas de todo el pa\u00eds e invitados especiales de Chile, Uruguay, Bolivia, Colombia.<\/p>\n\n\n\n<p>Contar con una formaci\u00f3n de alt\u00edsimo nivel para las y los Odont\u00f3logos locales, como as\u00ed tambi\u00e9n poder ser epicentro de la capacitaci\u00f3n a profesionales de Latinoam\u00e9rica, posiciona no solo a nuestra localidad como formadora constante de especializaciones m\u00e9dicas, sino tambi\u00e9n a la Odontolog\u00eda, que toma como referente argentino al Doctor Jos\u00e9 Galiano quien forma parte de la Cl\u00ednica Viedma brindando un distinguido servicio de excelencia.<\/p>\n<div class=\"fb-background-color\">\n\t\t\t  <div \n\t\t\t  \tclass = \"fb-comments\" \n\t\t\t  \tdata-href = \"https:\/\/www.elpolitologoyelpolitico.com.ar\/wordpress\/2023\/05\/09\/viedma-vuelve-a-ser-epicentro-de-capacitaciones-en-temas-de-salud\/\"\n\t\t\t  \tdata-numposts = \"10\"\n\t\t\t  \tdata-lazy = \"true\"\n\t\t\t\tdata-colorscheme = \"light\"\n\t\t\t\tdata-order-by = \"social\"\n\t\t\t\tdata-mobile=true>\n\t\t\t  <\/div><\/div>\n\t\t  <style>\n\t\t    .fb-background-color {\n\t\t\t\tbackground: #ffffff !important;\n\t\t\t}\n\t\t\t.fb_iframe_widget_fluid_desktop iframe {\n\t\t\t    width: 100% !important;\n\t\t\t}\n\t\t  <\/style>\n\t\t  ","protected":false},"excerpt":{"rendered":"<p>Del martes 2 al Viernes 5 de Mayo, se realiz\u00f3 en Viedma por primera vez, el curso de Cirug\u00eda Bucomaxilofacial , para el tratamiento de maxilares Atroficos con implantes Cigomaticos con Planificaci\u00f3n virtual. El desarrollo de la certificaci\u00f3n dictada por el Dr. Jos\u00e9 Galiano (Odontologo &#8211; Cirujano Maxilofacial especialista en pr\u00f3tesis Uba), sus colegas Jorge [&hellip;]<\/p>\n","protected":false},"author":4,"featured_media":30649,"comment_status":"closed","ping_status":"closed","sticky":false,"template":"","format":"standard","meta":{"_joinchat":[],"footnotes":""},"categories":[39],"tags":[],"class_list":["post-30648","post","type-post","status-publish","format-standard","has-post-thumbnail","hentry","category-en-esta-seccion"],"_links":{"self":[{"href":"https:\/\/www.elpolitologoyelpolitico.com.ar\/wordpress\/wp-json\/wp\/v2\/posts\/30648","targetHints":{"allow":["GET"]}}],"collection":[{"href":"https:\/\/www.elpolitologoyelpolitico.com.ar\/wordpress\/wp-json\/wp\/v2\/posts"}],"about":[{"href":"https:\/\/www.elpolitologoyelpolitico.com.ar\/wordpress\/wp-json\/wp\/v2\/types\/post"}],"author":[{"embeddable":true,"href":"https:\/\/www.elpolitologoyelpolitico.com.ar\/wordpress\/wp-json\/wp\/v2\/users\/4"}],"replies":[{"embeddable":true,"href":"https:\/\/www.elpolitologoyelpolitico.com.ar\/wordpress\/wp-json\/wp\/v2\/comments?post=30648"}],"version-history":[{"count":0,"href":"https:\/\/www.elpolitologoyelpolitico.com.ar\/wordpress\/wp-json\/wp\/v2\/posts\/30648\/revisions"}],"wp:featuredmedia":[{"embeddable":true,"href":"https:\/\/www.elpolitologoyelpolitico.com.ar\/wordpress\/wp-json\/wp\/v2\/media\/30649"}],"wp:attachment":[{"href":"https:\/\/www.elpolitologoyelpolitico.com.ar\/wordpress\/wp-json\/wp\/v2\/media?parent=30648"}],"wp:term":[{"taxonomy":"category","embeddable":true,"href":"https:\/\/www.elpolitologoyelpolitico.com.ar\/wordpress\/wp-json\/wp\/v2\/categories?post=30648"},{"taxonomy":"post_tag","embeddable":true,"href":"https:\/\/www.elpolitologoyelpolitico.com.ar\/wordpress\/wp-json\/wp\/v2\/tags?post=30648"}],"curies":[{"name":"wp","href":"https:\/\/api.w.org\/{rel}","templated":true}]}}