{"id":30644,"date":"2023-05-09T21:14:53","date_gmt":"2023-05-09T21:14:53","guid":{"rendered":"https:\/\/www.elpolitologoyelpolitico.com.ar\/wordpress\/?p=30644"},"modified":"2023-05-09T21:15:32","modified_gmt":"2023-05-09T21:15:32","slug":"la-imagen-del-precandidato-a-intendente-raul-alvarez-crece-en-patagones","status":"publish","type":"post","link":"https:\/\/www.elpolitologoyelpolitico.com.ar\/wordpress\/2023\/05\/09\/la-imagen-del-precandidato-a-intendente-raul-alvarez-crece-en-patagones\/","title":{"rendered":"La imagen del Precandidato a Intendente Ra\u00fal Alvarez crece en Patagones"},"content":{"rendered":"\n<p>El Periodista local expres\u00f3 su intenci\u00f3n de ir como precandidato a intendente en Patagones.<\/p>\n\n\n\n<p>En estos \u00faltimos d\u00edas, la imagen de Ra\u00fal Alvarez aument\u00f3 en gran cantidad, no solo por su trabajo diario en los medios de comunicaci\u00f3n y en la sociedad, sino tambien por su imagen pol\u00edtica que viene creciendo de cara a las pr\u00f3ximas elecciones.<\/p>\n\n\n\n<p>A continuaci\u00f3n un fragmento de distintas editoriales con varias propuestas del period\u00edsta y algunas inquietudes que tienen los vecinos de Patagones y que le gustaria trabajar en caso que sea Intendente en Patagones.<\/p>\n\n\n\n<p><a href=\"https:\/\/fb.watch\/kq1t_S-amV\/?mibextid=ZbWKwL\">https:\/\/fb.watch\/kq1t_S-amV\/?mibextid=ZbWKwL<\/a><\/p>\n<div class=\"fb-background-color\">\n\t\t\t  <div \n\t\t\t  \tclass = \"fb-comments\" \n\t\t\t  \tdata-href = \"https:\/\/www.elpolitologoyelpolitico.com.ar\/wordpress\/2023\/05\/09\/la-imagen-del-precandidato-a-intendente-raul-alvarez-crece-en-patagones\/\"\n\t\t\t  \tdata-numposts = \"10\"\n\t\t\t  \tdata-lazy = \"true\"\n\t\t\t\tdata-colorscheme = \"light\"\n\t\t\t\tdata-order-by = \"social\"\n\t\t\t\tdata-mobile=true>\n\t\t\t  <\/div><\/div>\n\t\t  <style>\n\t\t    .fb-background-color {\n\t\t\t\tbackground: #ffffff !important;\n\t\t\t}\n\t\t\t.fb_iframe_widget_fluid_desktop iframe {\n\t\t\t    width: 100% !important;\n\t\t\t}\n\t\t  <\/style>\n\t\t  ","protected":false},"excerpt":{"rendered":"<p>El Periodista local expres\u00f3 su intenci\u00f3n de ir como precandidato a intendente en Patagones. En estos \u00faltimos d\u00edas, la imagen de Ra\u00fal Alvarez aument\u00f3 en gran cantidad, no solo por su trabajo diario en los medios de comunicaci\u00f3n y en la sociedad, sino tambien por su imagen pol\u00edtica que viene creciendo de cara a las [&hellip;]<\/p>\n","protected":false},"author":4,"featured_media":30645,"comment_status":"closed","ping_status":"closed","sticky":false,"template":"","format":"standard","meta":{"_joinchat":[],"footnotes":""},"categories":[38],"tags":[],"class_list":["post-30644","post","type-post","status-publish","format-standard","has-post-thumbnail","hentry","category-elecciones"],"_links":{"self":[{"href":"https:\/\/www.elpolitologoyelpolitico.com.ar\/wordpress\/wp-json\/wp\/v2\/posts\/30644","targetHints":{"allow":["GET"]}}],"collection":[{"href":"https:\/\/www.elpolitologoyelpolitico.com.ar\/wordpress\/wp-json\/wp\/v2\/posts"}],"about":[{"href":"https:\/\/www.elpolitologoyelpolitico.com.ar\/wordpress\/wp-json\/wp\/v2\/types\/post"}],"author":[{"embeddable":true,"href":"https:\/\/www.elpolitologoyelpolitico.com.ar\/wordpress\/wp-json\/wp\/v2\/users\/4"}],"replies":[{"embeddable":true,"href":"https:\/\/www.elpolitologoyelpolitico.com.ar\/wordpress\/wp-json\/wp\/v2\/comments?post=30644"}],"version-history":[{"count":0,"href":"https:\/\/www.elpolitologoyelpolitico.com.ar\/wordpress\/wp-json\/wp\/v2\/posts\/30644\/revisions"}],"wp:featuredmedia":[{"embeddable":true,"href":"https:\/\/www.elpolitologoyelpolitico.com.ar\/wordpress\/wp-json\/wp\/v2\/media\/30645"}],"wp:attachment":[{"href":"https:\/\/www.elpolitologoyelpolitico.com.ar\/wordpress\/wp-json\/wp\/v2\/media?parent=30644"}],"wp:term":[{"taxonomy":"category","embeddable":true,"href":"https:\/\/www.elpolitologoyelpolitico.com.ar\/wordpress\/wp-json\/wp\/v2\/categories?post=30644"},{"taxonomy":"post_tag","embeddable":true,"href":"https:\/\/www.elpolitologoyelpolitico.com.ar\/wordpress\/wp-json\/wp\/v2\/tags?post=30644"}],"curies":[{"name":"wp","href":"https:\/\/api.w.org\/{rel}","templated":true}]}}