{"id":3064,"date":"2021-05-19T15:26:04","date_gmt":"2021-05-19T15:26:04","guid":{"rendered":"https:\/\/www.elpolitologoyelpolitico.com.ar\/wordpress\/?p=3064"},"modified":"2021-05-19T15:26:08","modified_gmt":"2021-05-19T15:26:08","slug":"educacion-y-salud-realizan-testeos-al-personal-que-trabaja-en-las-escuelas-de-carmen-de-patagones","status":"publish","type":"post","link":"https:\/\/www.elpolitologoyelpolitico.com.ar\/wordpress\/2021\/05\/19\/educacion-y-salud-realizan-testeos-al-personal-que-trabaja-en-las-escuelas-de-carmen-de-patagones\/","title":{"rendered":"Educaci\u00f3n y Salud realizan testeos al personal que trabaja en las escuelas de Carmen de Patagones"},"content":{"rendered":"\n<p>A partir de una actividad programa entre la Direcci\u00f3n General de Cultura y Educaci\u00f3n y el Ministerio Salud de la Provincia, la Secretar\u00eda de Salud de Patagones, en conjunto con el \u00e1rea de Inspecci\u00f3n de Educaci\u00f3n, comenz\u00f3 este martes un operativo de testeos en las escuelas de Carmen de Patagones.<\/p>\n\n\n\n<p>Al respecto, la subsecretaria de Salud, Dra. M\u00f3nica Mucha, junto a la Jefa Distrital de Educaci\u00f3n, Claudia Azpiroz, indic\u00f3 que \u201clos Ministerios de Educaci\u00f3n y Salud diagramaron un listado con el n\u00famero de personas- sin nominalizar por nombre o apellidos- para realizar testeos; tanto del personal docente, como de auxiliares y t\u00e9cnicos de las distintas \u00e1reas\u201d.<\/p>\n\n\n\n<p>\u201cEl mismo consiste en la realizaci\u00f3n del hisopado para detectar el COVID19 y no es de car\u00e1cter obligatorio\u201d, aclar\u00f3. De la misma manera, Mucha anticip\u00f3 que el operativo se desarrollar\u00e1 en todas las escuelas de Carmen de Patagones, durante dos semanas, para luego trasladarse a todas las localidades del Interior del Distrito. <\/p>\n\n\n\n<figure class=\"wp-block-image size-large\"><img fetchpriority=\"high\" decoding=\"async\" width=\"768\" height=\"1024\" src=\"https:\/\/www.elpolitologoyelpolitico.com.ar\/wordpress\/wp-content\/uploads\/2021\/05\/WhatsApp-Image-2021-05-19-at-11.06.45-AM-768x1024.jpeg\" alt=\"\" class=\"wp-image-3066\" srcset=\"https:\/\/www.elpolitologoyelpolitico.com.ar\/wp-content\/uploads\/2021\/05\/WhatsApp-Image-2021-05-19-at-11.06.45-AM-768x1024.jpeg 768w, https:\/\/www.elpolitologoyelpolitico.com.ar\/wp-content\/uploads\/2021\/05\/WhatsApp-Image-2021-05-19-at-11.06.45-AM-225x300.jpeg 225w, https:\/\/www.elpolitologoyelpolitico.com.ar\/wp-content\/uploads\/2021\/05\/WhatsApp-Image-2021-05-19-at-11.06.45-AM.jpeg 774w\" sizes=\"(max-width: 768px) 100vw, 768px\" \/><\/figure>\n<div class=\"fb-background-color\">\n\t\t\t  <div \n\t\t\t  \tclass = \"fb-comments\" \n\t\t\t  \tdata-href = \"https:\/\/www.elpolitologoyelpolitico.com.ar\/wordpress\/2021\/05\/19\/educacion-y-salud-realizan-testeos-al-personal-que-trabaja-en-las-escuelas-de-carmen-de-patagones\/\"\n\t\t\t  \tdata-numposts = \"10\"\n\t\t\t  \tdata-lazy = \"true\"\n\t\t\t\tdata-colorscheme = \"light\"\n\t\t\t\tdata-order-by = \"social\"\n\t\t\t\tdata-mobile=true>\n\t\t\t  <\/div><\/div>\n\t\t  <style>\n\t\t    .fb-background-color {\n\t\t\t\tbackground: #ffffff !important;\n\t\t\t}\n\t\t\t.fb_iframe_widget_fluid_desktop iframe {\n\t\t\t    width: 100% !important;\n\t\t\t}\n\t\t  <\/style>\n\t\t  ","protected":false},"excerpt":{"rendered":"<p>A partir de una actividad programa entre la Direcci\u00f3n General de Cultura y Educaci\u00f3n y el Ministerio Salud de la Provincia, la Secretar\u00eda de Salud de Patagones, en conjunto con el \u00e1rea de Inspecci\u00f3n de Educaci\u00f3n, comenz\u00f3 este martes un operativo de testeos en las escuelas de Carmen de Patagones. Al respecto, la subsecretaria de [&hellip;]<\/p>\n","protected":false},"author":4,"featured_media":3065,"comment_status":"closed","ping_status":"closed","sticky":false,"template":"","format":"standard","meta":{"_joinchat":[],"footnotes":""},"categories":[39],"tags":[],"class_list":["post-3064","post","type-post","status-publish","format-standard","has-post-thumbnail","hentry","category-en-esta-seccion"],"_links":{"self":[{"href":"https:\/\/www.elpolitologoyelpolitico.com.ar\/wordpress\/wp-json\/wp\/v2\/posts\/3064","targetHints":{"allow":["GET"]}}],"collection":[{"href":"https:\/\/www.elpolitologoyelpolitico.com.ar\/wordpress\/wp-json\/wp\/v2\/posts"}],"about":[{"href":"https:\/\/www.elpolitologoyelpolitico.com.ar\/wordpress\/wp-json\/wp\/v2\/types\/post"}],"author":[{"embeddable":true,"href":"https:\/\/www.elpolitologoyelpolitico.com.ar\/wordpress\/wp-json\/wp\/v2\/users\/4"}],"replies":[{"embeddable":true,"href":"https:\/\/www.elpolitologoyelpolitico.com.ar\/wordpress\/wp-json\/wp\/v2\/comments?post=3064"}],"version-history":[{"count":0,"href":"https:\/\/www.elpolitologoyelpolitico.com.ar\/wordpress\/wp-json\/wp\/v2\/posts\/3064\/revisions"}],"wp:featuredmedia":[{"embeddable":true,"href":"https:\/\/www.elpolitologoyelpolitico.com.ar\/wordpress\/wp-json\/wp\/v2\/media\/3065"}],"wp:attachment":[{"href":"https:\/\/www.elpolitologoyelpolitico.com.ar\/wordpress\/wp-json\/wp\/v2\/media?parent=3064"}],"wp:term":[{"taxonomy":"category","embeddable":true,"href":"https:\/\/www.elpolitologoyelpolitico.com.ar\/wordpress\/wp-json\/wp\/v2\/categories?post=3064"},{"taxonomy":"post_tag","embeddable":true,"href":"https:\/\/www.elpolitologoyelpolitico.com.ar\/wordpress\/wp-json\/wp\/v2\/tags?post=3064"}],"curies":[{"name":"wp","href":"https:\/\/api.w.org\/{rel}","templated":true}]}}