{"id":30628,"date":"2023-05-08T22:18:57","date_gmt":"2023-05-08T22:18:57","guid":{"rendered":"https:\/\/www.elpolitologoyelpolitico.com.ar\/wordpress\/?p=30628"},"modified":"2023-05-08T22:18:59","modified_gmt":"2023-05-08T22:18:59","slug":"carreras-participo-de-la-entrega-de-premios-del-rally-en-bariloche","status":"publish","type":"post","link":"https:\/\/www.elpolitologoyelpolitico.com.ar\/wordpress\/2023\/05\/08\/carreras-participo-de-la-entrega-de-premios-del-rally-en-bariloche\/","title":{"rendered":"Carreras particip\u00f3 de la entrega de premios del Rally en Bariloche"},"content":{"rendered":"\n<p>La Gobernadora Arabela Carreras particip\u00f3 de la entrega de premios del 20\u00b0 Rally \u201cAniversario Ciudad de Bariloche\u201d y 3\u00b0 fecha del Campeonato Regional. \u201cEs un orgullo ver como Bariloche recupera su deporte\u201d, remarc\u00f3.<\/p>\n\n\n\n<p>El certamen, organizado por la Asociaci\u00f3n Volantes de General Roca (AVGR), signific\u00f3 el regreso de la competencia a tierras andinas, luego de ocho a\u00f1os. La actividad tuvo epicentro -mayoritariamente- en el predio del PITBA, lugar donde se realiz\u00f3 la entrega de trofeos.<br>En ese marco, Carreras destac\u00f3 que Bariloche \u201cvuelve a recuperar su deporte, con el compromiso de todos\u201d y agradeci\u00f3 a N\u00e9stor Dracklers, referente local y gran impulsor del regreso de la actividad a la regi\u00f3n; a la AVGR, a la Municipalidad y al equipo del Gobierno Provincial por su trabajo.<br>Remarc\u00f3 especialmente la tarea conjunta con la AVGR y, junto al presidente de la entidad, Jorge \u201cGoyo\u201d Mart\u00ednez, confirm\u00f3 que se vienen dos competencias: una regional en julio y otra nacional en agosto. \u201cFestejamos los 50 a\u00f1os de la asociaci\u00f3n y ahora vamos a festejar los 60 de \u2018Goyo\u2019 como presidente de este gran proyecto\u201d, se\u00f1al\u00f3 Carreras.<\/p>\n\n\n\n<p>Tambi\u00e9n mencion\u00f3 especialmente al personal del PITBA que \u201ctrabaj\u00f3 y repas\u00f3 todos los caminos para que hoy est\u00e9n en condiciones, es un orgullo ver como Bariloche recupera su deporte\u201d. Acompa\u00f1\u00f3 la actividad el Intendente local, Gustavo Gennuso.<\/p>\n\n\n\n<p>En lo deportivo, la dupla del piloto Mauro Debasa y el navegador Mat\u00edas Aman fue la ganadora de la tercera fecha del certamen, a bordo de un Ford Ka Clase N2. El segundo lugar fue para Pedro Skruta-Ulises Agesta con Ford Fiesta Kinetic Clase N2 y el tercero para Guillermo Aubone-Cristian Fern\u00e1ndez Pizarro con un Ford Fiesta Clase N2.<\/p>\n\n\n\n<figure class=\"wp-block-gallery has-nested-images columns-default is-cropped wp-block-gallery-1 is-layout-flex wp-block-gallery-is-layout-flex\">\n<figure class=\"wp-block-image size-large\"><img fetchpriority=\"high\" decoding=\"async\" width=\"1024\" height=\"682\" data-id=\"30630\" src=\"https:\/\/www.elpolitologoyelpolitico.com.ar\/wp-content\/uploads\/2023\/05\/IMG-20230508-WA0050-1024x682.jpg\" alt=\"\" class=\"wp-image-30630\" srcset=\"https:\/\/www.elpolitologoyelpolitico.com.ar\/wp-content\/uploads\/2023\/05\/IMG-20230508-WA0050-1024x682.jpg 1024w, https:\/\/www.elpolitologoyelpolitico.com.ar\/wp-content\/uploads\/2023\/05\/IMG-20230508-WA0050-300x200.jpg 300w, https:\/\/www.elpolitologoyelpolitico.com.ar\/wp-content\/uploads\/2023\/05\/IMG-20230508-WA0050-768x512.jpg 768w, https:\/\/www.elpolitologoyelpolitico.com.ar\/wp-content\/uploads\/2023\/05\/IMG-20230508-WA0050.jpg 1280w\" sizes=\"(max-width: 1024px) 100vw, 1024px\" \/><\/figure>\n\n\n\n<figure class=\"wp-block-image size-large\"><img decoding=\"async\" width=\"1024\" height=\"682\" data-id=\"30631\" src=\"https:\/\/www.elpolitologoyelpolitico.com.ar\/wp-content\/uploads\/2023\/05\/IMG-20230508-WA0051-1024x682.jpg\" alt=\"\" class=\"wp-image-30631\" srcset=\"https:\/\/www.elpolitologoyelpolitico.com.ar\/wp-content\/uploads\/2023\/05\/IMG-20230508-WA0051-1024x682.jpg 1024w, https:\/\/www.elpolitologoyelpolitico.com.ar\/wp-content\/uploads\/2023\/05\/IMG-20230508-WA0051-300x200.jpg 300w, https:\/\/www.elpolitologoyelpolitico.com.ar\/wp-content\/uploads\/2023\/05\/IMG-20230508-WA0051-768x512.jpg 768w, https:\/\/www.elpolitologoyelpolitico.com.ar\/wp-content\/uploads\/2023\/05\/IMG-20230508-WA0051.jpg 1280w\" sizes=\"(max-width: 1024px) 100vw, 1024px\" \/><\/figure>\n<\/figure>\n<div class=\"fb-background-color\">\n\t\t\t  <div \n\t\t\t  \tclass = \"fb-comments\" \n\t\t\t  \tdata-href = \"https:\/\/www.elpolitologoyelpolitico.com.ar\/wordpress\/2023\/05\/08\/carreras-participo-de-la-entrega-de-premios-del-rally-en-bariloche\/\"\n\t\t\t  \tdata-numposts = \"10\"\n\t\t\t  \tdata-lazy = \"true\"\n\t\t\t\tdata-colorscheme = \"light\"\n\t\t\t\tdata-order-by = \"social\"\n\t\t\t\tdata-mobile=true>\n\t\t\t  <\/div><\/div>\n\t\t  <style>\n\t\t    .fb-background-color {\n\t\t\t\tbackground: #ffffff !important;\n\t\t\t}\n\t\t\t.fb_iframe_widget_fluid_desktop iframe {\n\t\t\t    width: 100% !important;\n\t\t\t}\n\t\t  <\/style>\n\t\t  ","protected":false},"excerpt":{"rendered":"<p>La Gobernadora Arabela Carreras particip\u00f3 de la entrega de premios del 20\u00b0 Rally \u201cAniversario Ciudad de Bariloche\u201d y 3\u00b0 fecha del Campeonato Regional. \u201cEs un orgullo ver como Bariloche recupera su deporte\u201d, remarc\u00f3. El certamen, organizado por la Asociaci\u00f3n Volantes de General Roca (AVGR), signific\u00f3 el regreso de la competencia a tierras andinas, luego de [&hellip;]<\/p>\n","protected":false},"author":4,"featured_media":30629,"comment_status":"closed","ping_status":"closed","sticky":false,"template":"","format":"standard","meta":{"_joinchat":[],"footnotes":""},"categories":[39],"tags":[],"class_list":["post-30628","post","type-post","status-publish","format-standard","has-post-thumbnail","hentry","category-en-esta-seccion"],"_links":{"self":[{"href":"https:\/\/www.elpolitologoyelpolitico.com.ar\/wordpress\/wp-json\/wp\/v2\/posts\/30628","targetHints":{"allow":["GET"]}}],"collection":[{"href":"https:\/\/www.elpolitologoyelpolitico.com.ar\/wordpress\/wp-json\/wp\/v2\/posts"}],"about":[{"href":"https:\/\/www.elpolitologoyelpolitico.com.ar\/wordpress\/wp-json\/wp\/v2\/types\/post"}],"author":[{"embeddable":true,"href":"https:\/\/www.elpolitologoyelpolitico.com.ar\/wordpress\/wp-json\/wp\/v2\/users\/4"}],"replies":[{"embeddable":true,"href":"https:\/\/www.elpolitologoyelpolitico.com.ar\/wordpress\/wp-json\/wp\/v2\/comments?post=30628"}],"version-history":[{"count":0,"href":"https:\/\/www.elpolitologoyelpolitico.com.ar\/wordpress\/wp-json\/wp\/v2\/posts\/30628\/revisions"}],"wp:featuredmedia":[{"embeddable":true,"href":"https:\/\/www.elpolitologoyelpolitico.com.ar\/wordpress\/wp-json\/wp\/v2\/media\/30629"}],"wp:attachment":[{"href":"https:\/\/www.elpolitologoyelpolitico.com.ar\/wordpress\/wp-json\/wp\/v2\/media?parent=30628"}],"wp:term":[{"taxonomy":"category","embeddable":true,"href":"https:\/\/www.elpolitologoyelpolitico.com.ar\/wordpress\/wp-json\/wp\/v2\/categories?post=30628"},{"taxonomy":"post_tag","embeddable":true,"href":"https:\/\/www.elpolitologoyelpolitico.com.ar\/wordpress\/wp-json\/wp\/v2\/tags?post=30628"}],"curies":[{"name":"wp","href":"https:\/\/api.w.org\/{rel}","templated":true}]}}