{"id":30601,"date":"2023-05-07T15:01:25","date_gmt":"2023-05-07T15:01:25","guid":{"rendered":"https:\/\/www.elpolitologoyelpolitico.com.ar\/wordpress\/?p=30601"},"modified":"2023-05-07T15:01:27","modified_gmt":"2023-05-07T15:01:27","slug":"patagones-un-auto-choco-contra-un-arbol-en-la-costanera-y-evito-que-dos-personas-cayeran-al-rio","status":"publish","type":"post","link":"https:\/\/www.elpolitologoyelpolitico.com.ar\/wordpress\/2023\/05\/07\/patagones-un-auto-choco-contra-un-arbol-en-la-costanera-y-evito-que-dos-personas-cayeran-al-rio\/","title":{"rendered":"PATAGONES: Un auto choc\u00f3 contra un arbol en la Costanera y evit\u00f3 que dos personas cayeran al r\u00edo."},"content":{"rendered":"\n<p>El hecho ocurri\u00f3 en la madrugada de este domingo en la Ciudad Maragata.<\/p>\n\n\n\n<p>En el veh\u00edculo se trasladaban dos personas (un hombre y una mujer) por la Costanera pasadas las 6 de la ma\u00f1ana.<\/p>\n\n\n\n<p>Un auto que venia por la avenida Costanera y Boulevard Moreno, que se trasladaba por el puente Basilio Villarino hacia la Ciudad, cay\u00f3 hac\u00eda el r\u00edo. Pero, en ese sector hab\u00eda un arbol que evit\u00f3 una traged\u00eda mayor.<\/p>\n\n\n\n<p>El auto termin\u00f3 impactando contra un cipr\u00e9s de la costa.<\/p>\n\n\n\n<p>Al chocar el auto con el arbol, evito que las dos personas cayeran al r\u00edo. Si bien tuvieron que ser trasladados al hospital Pedro Ecay, se encuentran bien, m\u00e1s all\u00e1 de los golpes y el susto que pasaron en ese momento.<\/p>\n\n\n\n<figure class=\"wp-block-image size-full\"><img fetchpriority=\"high\" decoding=\"async\" width=\"720\" height=\"540\" src=\"https:\/\/www.elpolitologoyelpolitico.com.ar\/wp-content\/uploads\/2023\/05\/IMG-20230507-WA0015.jpg\" alt=\"\" class=\"wp-image-30603\" srcset=\"https:\/\/www.elpolitologoyelpolitico.com.ar\/wp-content\/uploads\/2023\/05\/IMG-20230507-WA0015.jpg 720w, https:\/\/www.elpolitologoyelpolitico.com.ar\/wp-content\/uploads\/2023\/05\/IMG-20230507-WA0015-300x225.jpg 300w\" sizes=\"(max-width: 720px) 100vw, 720px\" \/><\/figure>\n<div class=\"fb-background-color\">\n\t\t\t  <div \n\t\t\t  \tclass = \"fb-comments\" \n\t\t\t  \tdata-href = \"https:\/\/www.elpolitologoyelpolitico.com.ar\/wordpress\/2023\/05\/07\/patagones-un-auto-choco-contra-un-arbol-en-la-costanera-y-evito-que-dos-personas-cayeran-al-rio\/\"\n\t\t\t  \tdata-numposts = \"10\"\n\t\t\t  \tdata-lazy = \"true\"\n\t\t\t\tdata-colorscheme = \"light\"\n\t\t\t\tdata-order-by = \"social\"\n\t\t\t\tdata-mobile=true>\n\t\t\t  <\/div><\/div>\n\t\t  <style>\n\t\t    .fb-background-color {\n\t\t\t\tbackground: #ffffff !important;\n\t\t\t}\n\t\t\t.fb_iframe_widget_fluid_desktop iframe {\n\t\t\t    width: 100% !important;\n\t\t\t}\n\t\t  <\/style>\n\t\t  ","protected":false},"excerpt":{"rendered":"<p>El hecho ocurri\u00f3 en la madrugada de este domingo en la Ciudad Maragata. En el veh\u00edculo se trasladaban dos personas (un hombre y una mujer) por la Costanera pasadas las 6 de la ma\u00f1ana. Un auto que venia por la avenida Costanera y Boulevard Moreno, que se trasladaba por el puente Basilio Villarino hacia la [&hellip;]<\/p>\n","protected":false},"author":4,"featured_media":30602,"comment_status":"closed","ping_status":"closed","sticky":false,"template":"","format":"standard","meta":{"_joinchat":[],"footnotes":""},"categories":[39],"tags":[],"class_list":["post-30601","post","type-post","status-publish","format-standard","has-post-thumbnail","hentry","category-en-esta-seccion"],"_links":{"self":[{"href":"https:\/\/www.elpolitologoyelpolitico.com.ar\/wordpress\/wp-json\/wp\/v2\/posts\/30601","targetHints":{"allow":["GET"]}}],"collection":[{"href":"https:\/\/www.elpolitologoyelpolitico.com.ar\/wordpress\/wp-json\/wp\/v2\/posts"}],"about":[{"href":"https:\/\/www.elpolitologoyelpolitico.com.ar\/wordpress\/wp-json\/wp\/v2\/types\/post"}],"author":[{"embeddable":true,"href":"https:\/\/www.elpolitologoyelpolitico.com.ar\/wordpress\/wp-json\/wp\/v2\/users\/4"}],"replies":[{"embeddable":true,"href":"https:\/\/www.elpolitologoyelpolitico.com.ar\/wordpress\/wp-json\/wp\/v2\/comments?post=30601"}],"version-history":[{"count":0,"href":"https:\/\/www.elpolitologoyelpolitico.com.ar\/wordpress\/wp-json\/wp\/v2\/posts\/30601\/revisions"}],"wp:featuredmedia":[{"embeddable":true,"href":"https:\/\/www.elpolitologoyelpolitico.com.ar\/wordpress\/wp-json\/wp\/v2\/media\/30602"}],"wp:attachment":[{"href":"https:\/\/www.elpolitologoyelpolitico.com.ar\/wordpress\/wp-json\/wp\/v2\/media?parent=30601"}],"wp:term":[{"taxonomy":"category","embeddable":true,"href":"https:\/\/www.elpolitologoyelpolitico.com.ar\/wordpress\/wp-json\/wp\/v2\/categories?post=30601"},{"taxonomy":"post_tag","embeddable":true,"href":"https:\/\/www.elpolitologoyelpolitico.com.ar\/wordpress\/wp-json\/wp\/v2\/tags?post=30601"}],"curies":[{"name":"wp","href":"https:\/\/api.w.org\/{rel}","templated":true}]}}