{"id":30596,"date":"2023-05-06T23:37:40","date_gmt":"2023-05-06T23:37:40","guid":{"rendered":"https:\/\/www.elpolitologoyelpolitico.com.ar\/wordpress\/?p=30596"},"modified":"2023-05-06T23:37:41","modified_gmt":"2023-05-06T23:37:41","slug":"plan-calor-comenzo-con-la-distribucion-de-lena-a-las-familias-rionegrinas","status":"publish","type":"post","link":"https:\/\/www.elpolitologoyelpolitico.com.ar\/wordpress\/2023\/05\/06\/plan-calor-comenzo-con-la-distribucion-de-lena-a-las-familias-rionegrinas\/","title":{"rendered":"Plan Calor: comenz\u00f3 con la distribuci\u00f3n de le\u00f1a a las familias rionegrinas"},"content":{"rendered":"\n<p>En conjunto con los Municipios y Comisiones de Fomento, la Provincia comenz\u00f3 con el operativo del Plan Calor 2023, para asistir a las familias que m\u00e1s lo necesitan, antes de la llegada del invierno.<\/p>\n\n\n\n<p>Como cada a\u00f1o, el operativo permite la entrega de le\u00f1a fraccionada a las vecinas y vecinos rionegrinos. Hasta el momento se distribuyeron 25 mil kilos de le\u00f1a en el paraje Sierra Pailem\u00e1n, que alcanzar\u00e1 a las 60 familias de la Comisi\u00f3n de Fomento.&nbsp;<\/p>\n\n\n\n<p>El objetivo es, como en a\u00f1os anteriores, anticipar la distribuci\u00f3n de le\u00f1a en las 34 comisiones y los 12 municipios que integran el programa, a la llegada del invierno.<br>En este sentido, Luciana De La Fuente, Ministra de Desarrollo Humano y Articulaci\u00f3n Solidaria indic\u00f3: \u201cen el transcurso de la semana se comenz\u00f3 con la distribuci\u00f3n de 21.000 kilos de le\u00f1a fraccionada para El Ca\u00edn y Pilquiniyeu, alcanzando a m\u00e1s de 100 familias, que se suman a las 60 de Sierra Pailem\u00e1n\u201d.<\/p>\n\n\n\n<p>\u201cCoordinamos cerca de 150 viajes para este a\u00f1o, a distintos puntos de la provincia, para llegar con la asistencia a m\u00e1s de 2000 familias rionegrinas, con un total mayor a las tres toneladas de le\u00f1a, y as\u00ed poder anticiparnos a la llegada del invierno\u201d, concluy\u00f3.<\/p>\n\n\n\n<p>En este marco, en los pr\u00f3ximos d\u00edas, se continuar\u00e1 con la entrega de le\u00f1a fraccionada en los hogares de la regi\u00f3n Sur y zona Andina. \u00a0<\/p>\n\n\n\n<figure class=\"wp-block-gallery has-nested-images columns-default is-cropped wp-block-gallery-1 is-layout-flex wp-block-gallery-is-layout-flex\">\n<figure class=\"wp-block-image size-large\"><img fetchpriority=\"high\" decoding=\"async\" width=\"750\" height=\"421\" data-id=\"30598\" src=\"https:\/\/www.elpolitologoyelpolitico.com.ar\/wp-content\/uploads\/2023\/05\/IMG-20230506-WA0017.jpg\" alt=\"\" class=\"wp-image-30598\" srcset=\"https:\/\/www.elpolitologoyelpolitico.com.ar\/wp-content\/uploads\/2023\/05\/IMG-20230506-WA0017.jpg 750w, https:\/\/www.elpolitologoyelpolitico.com.ar\/wp-content\/uploads\/2023\/05\/IMG-20230506-WA0017-300x168.jpg 300w\" sizes=\"(max-width: 750px) 100vw, 750px\" \/><\/figure>\n\n\n\n<figure class=\"wp-block-image size-large\"><img decoding=\"async\" width=\"1024\" height=\"461\" data-id=\"30599\" src=\"https:\/\/www.elpolitologoyelpolitico.com.ar\/wp-content\/uploads\/2023\/05\/IMG-20230506-WA0016-1024x461.jpg\" alt=\"\" class=\"wp-image-30599\" srcset=\"https:\/\/www.elpolitologoyelpolitico.com.ar\/wp-content\/uploads\/2023\/05\/IMG-20230506-WA0016-1024x461.jpg 1024w, https:\/\/www.elpolitologoyelpolitico.com.ar\/wp-content\/uploads\/2023\/05\/IMG-20230506-WA0016-300x135.jpg 300w, https:\/\/www.elpolitologoyelpolitico.com.ar\/wp-content\/uploads\/2023\/05\/IMG-20230506-WA0016-768x346.jpg 768w, https:\/\/www.elpolitologoyelpolitico.com.ar\/wp-content\/uploads\/2023\/05\/IMG-20230506-WA0016.jpg 1280w\" sizes=\"(max-width: 1024px) 100vw, 1024px\" \/><\/figure>\n<\/figure>\n<div class=\"fb-background-color\">\n\t\t\t  <div \n\t\t\t  \tclass = \"fb-comments\" \n\t\t\t  \tdata-href = \"https:\/\/www.elpolitologoyelpolitico.com.ar\/wordpress\/2023\/05\/06\/plan-calor-comenzo-con-la-distribucion-de-lena-a-las-familias-rionegrinas\/\"\n\t\t\t  \tdata-numposts = \"10\"\n\t\t\t  \tdata-lazy = \"true\"\n\t\t\t\tdata-colorscheme = \"light\"\n\t\t\t\tdata-order-by = \"social\"\n\t\t\t\tdata-mobile=true>\n\t\t\t  <\/div><\/div>\n\t\t  <style>\n\t\t    .fb-background-color {\n\t\t\t\tbackground: #ffffff !important;\n\t\t\t}\n\t\t\t.fb_iframe_widget_fluid_desktop iframe {\n\t\t\t    width: 100% !important;\n\t\t\t}\n\t\t  <\/style>\n\t\t  ","protected":false},"excerpt":{"rendered":"<p>En conjunto con los Municipios y Comisiones de Fomento, la Provincia comenz\u00f3 con el operativo del Plan Calor 2023, para asistir a las familias que m\u00e1s lo necesitan, antes de la llegada del invierno. Como cada a\u00f1o, el operativo permite la entrega de le\u00f1a fraccionada a las vecinas y vecinos rionegrinos. Hasta el momento se [&hellip;]<\/p>\n","protected":false},"author":4,"featured_media":30597,"comment_status":"closed","ping_status":"closed","sticky":false,"template":"","format":"standard","meta":{"_joinchat":[],"footnotes":""},"categories":[39],"tags":[],"class_list":["post-30596","post","type-post","status-publish","format-standard","has-post-thumbnail","hentry","category-en-esta-seccion"],"_links":{"self":[{"href":"https:\/\/www.elpolitologoyelpolitico.com.ar\/wordpress\/wp-json\/wp\/v2\/posts\/30596","targetHints":{"allow":["GET"]}}],"collection":[{"href":"https:\/\/www.elpolitologoyelpolitico.com.ar\/wordpress\/wp-json\/wp\/v2\/posts"}],"about":[{"href":"https:\/\/www.elpolitologoyelpolitico.com.ar\/wordpress\/wp-json\/wp\/v2\/types\/post"}],"author":[{"embeddable":true,"href":"https:\/\/www.elpolitologoyelpolitico.com.ar\/wordpress\/wp-json\/wp\/v2\/users\/4"}],"replies":[{"embeddable":true,"href":"https:\/\/www.elpolitologoyelpolitico.com.ar\/wordpress\/wp-json\/wp\/v2\/comments?post=30596"}],"version-history":[{"count":0,"href":"https:\/\/www.elpolitologoyelpolitico.com.ar\/wordpress\/wp-json\/wp\/v2\/posts\/30596\/revisions"}],"wp:featuredmedia":[{"embeddable":true,"href":"https:\/\/www.elpolitologoyelpolitico.com.ar\/wordpress\/wp-json\/wp\/v2\/media\/30597"}],"wp:attachment":[{"href":"https:\/\/www.elpolitologoyelpolitico.com.ar\/wordpress\/wp-json\/wp\/v2\/media?parent=30596"}],"wp:term":[{"taxonomy":"category","embeddable":true,"href":"https:\/\/www.elpolitologoyelpolitico.com.ar\/wordpress\/wp-json\/wp\/v2\/categories?post=30596"},{"taxonomy":"post_tag","embeddable":true,"href":"https:\/\/www.elpolitologoyelpolitico.com.ar\/wordpress\/wp-json\/wp\/v2\/tags?post=30596"}],"curies":[{"name":"wp","href":"https:\/\/api.w.org\/{rel}","templated":true}]}}