{"id":30587,"date":"2023-05-06T23:16:53","date_gmt":"2023-05-06T23:16:53","guid":{"rendered":"https:\/\/www.elpolitologoyelpolitico.com.ar\/wordpress\/?p=30587"},"modified":"2023-05-06T23:16:55","modified_gmt":"2023-05-06T23:16:55","slug":"rio-negro-lidero-el-medallero-en-los-juegos-para-araucania","status":"publish","type":"post","link":"https:\/\/www.elpolitologoyelpolitico.com.ar\/wordpress\/2023\/05\/06\/rio-negro-lidero-el-medallero-en-los-juegos-para-araucania\/","title":{"rendered":"R\u00edo Negro lider\u00f3 el medallero en los Juegos Para Araucan\u00eda"},"content":{"rendered":"\n<p>La delegaci\u00f3n rionegrina cerr\u00f3 su participaci\u00f3n en los Juegos Para Araucan\u00eda, destinados a atletas con discapacidad y, gracias a una gran cosecha de preseas, logr\u00f3 ubicarse en lo m\u00e1s alto del medallero final.<\/p>\n\n\n\n<p>En total las y los representantes provinciales lograron 60 medallas: 45 doradas, 13 de plata y 2 de bronce, obtenidas estas en atletismo y nataci\u00f3n.<\/p>\n\n\n\n<p>En este sentido, el secretario de Deporte, Diego Rosati, afirm\u00f3 que \u201ccomo en cada competencia en la que R\u00edo Negro se presenta, nos hemos llenado de orgullo con cada deportista que se ha puesto los colores de la provincia\u201d. Asimismo, agreg\u00f3 que \u201cel resultado final es positivo, no solo por el medallero, sino por la experiencia que han vivido estos atletas, que les ha permitido crecer en su camino deportivo\u201d.<\/p>\n\n\n\n<p>Cabe destacar que, en el marco del certamen, tambi\u00e9n se dio un hecho hist\u00f3rico, tanto para los Juegos como para el deporte adaptado continental: en la prueba de lanzamiento de bala, el cincosaltense Andr\u00e9s Pinillos Pinto alcanz\u00f3 los 8,75m., para establecer un nuevo r\u00e9cord americano.<\/p>\n\n\n\n<p>Los Juegos Binacionales Para Araucan\u00eda se desarrollaron en Temuco, Chile, y tuvieron como protagonistas a atletas con discapacidad de la Patagonia argentina y el sur chileno.<\/p>\n\n\n\n<p>De esta manera los y las rionegrinas volvieron a disfrutar en un certamen regional y nuevamente dieron muestra de sus habilidades, para llenar de orgullo a toda la provincia.<\/p>\n\n\n\n<figure class=\"wp-block-image size-large\"><img fetchpriority=\"high\" decoding=\"async\" width=\"1024\" height=\"680\" src=\"https:\/\/www.elpolitologoyelpolitico.com.ar\/wp-content\/uploads\/2023\/05\/IMG-20230506-WA0010-1024x680.jpg\" alt=\"\" class=\"wp-image-30589\" srcset=\"https:\/\/www.elpolitologoyelpolitico.com.ar\/wp-content\/uploads\/2023\/05\/IMG-20230506-WA0010-1024x680.jpg 1024w, https:\/\/www.elpolitologoyelpolitico.com.ar\/wp-content\/uploads\/2023\/05\/IMG-20230506-WA0010-300x199.jpg 300w, https:\/\/www.elpolitologoyelpolitico.com.ar\/wp-content\/uploads\/2023\/05\/IMG-20230506-WA0010-768x510.jpg 768w, https:\/\/www.elpolitologoyelpolitico.com.ar\/wp-content\/uploads\/2023\/05\/IMG-20230506-WA0010.jpg 1228w\" sizes=\"(max-width: 1024px) 100vw, 1024px\" \/><\/figure>\n<div class=\"fb-background-color\">\n\t\t\t  <div \n\t\t\t  \tclass = \"fb-comments\" \n\t\t\t  \tdata-href = \"https:\/\/www.elpolitologoyelpolitico.com.ar\/wordpress\/2023\/05\/06\/rio-negro-lidero-el-medallero-en-los-juegos-para-araucania\/\"\n\t\t\t  \tdata-numposts = \"10\"\n\t\t\t  \tdata-lazy = \"true\"\n\t\t\t\tdata-colorscheme = \"light\"\n\t\t\t\tdata-order-by = \"social\"\n\t\t\t\tdata-mobile=true>\n\t\t\t  <\/div><\/div>\n\t\t  <style>\n\t\t    .fb-background-color {\n\t\t\t\tbackground: #ffffff !important;\n\t\t\t}\n\t\t\t.fb_iframe_widget_fluid_desktop iframe {\n\t\t\t    width: 100% !important;\n\t\t\t}\n\t\t  <\/style>\n\t\t  ","protected":false},"excerpt":{"rendered":"<p>La delegaci\u00f3n rionegrina cerr\u00f3 su participaci\u00f3n en los Juegos Para Araucan\u00eda, destinados a atletas con discapacidad y, gracias a una gran cosecha de preseas, logr\u00f3 ubicarse en lo m\u00e1s alto del medallero final. En total las y los representantes provinciales lograron 60 medallas: 45 doradas, 13 de plata y 2 de bronce, obtenidas estas en [&hellip;]<\/p>\n","protected":false},"author":4,"featured_media":30588,"comment_status":"closed","ping_status":"closed","sticky":false,"template":"","format":"standard","meta":{"_joinchat":[],"footnotes":""},"categories":[39],"tags":[],"class_list":["post-30587","post","type-post","status-publish","format-standard","has-post-thumbnail","hentry","category-en-esta-seccion"],"_links":{"self":[{"href":"https:\/\/www.elpolitologoyelpolitico.com.ar\/wordpress\/wp-json\/wp\/v2\/posts\/30587","targetHints":{"allow":["GET"]}}],"collection":[{"href":"https:\/\/www.elpolitologoyelpolitico.com.ar\/wordpress\/wp-json\/wp\/v2\/posts"}],"about":[{"href":"https:\/\/www.elpolitologoyelpolitico.com.ar\/wordpress\/wp-json\/wp\/v2\/types\/post"}],"author":[{"embeddable":true,"href":"https:\/\/www.elpolitologoyelpolitico.com.ar\/wordpress\/wp-json\/wp\/v2\/users\/4"}],"replies":[{"embeddable":true,"href":"https:\/\/www.elpolitologoyelpolitico.com.ar\/wordpress\/wp-json\/wp\/v2\/comments?post=30587"}],"version-history":[{"count":0,"href":"https:\/\/www.elpolitologoyelpolitico.com.ar\/wordpress\/wp-json\/wp\/v2\/posts\/30587\/revisions"}],"wp:featuredmedia":[{"embeddable":true,"href":"https:\/\/www.elpolitologoyelpolitico.com.ar\/wordpress\/wp-json\/wp\/v2\/media\/30588"}],"wp:attachment":[{"href":"https:\/\/www.elpolitologoyelpolitico.com.ar\/wordpress\/wp-json\/wp\/v2\/media?parent=30587"}],"wp:term":[{"taxonomy":"category","embeddable":true,"href":"https:\/\/www.elpolitologoyelpolitico.com.ar\/wordpress\/wp-json\/wp\/v2\/categories?post=30587"},{"taxonomy":"post_tag","embeddable":true,"href":"https:\/\/www.elpolitologoyelpolitico.com.ar\/wordpress\/wp-json\/wp\/v2\/tags?post=30587"}],"curies":[{"name":"wp","href":"https:\/\/api.w.org\/{rel}","templated":true}]}}