{"id":3058,"date":"2021-05-19T15:22:01","date_gmt":"2021-05-19T15:22:01","guid":{"rendered":"https:\/\/www.elpolitologoyelpolitico.com.ar\/wordpress\/?p=3058"},"modified":"2021-05-19T15:22:30","modified_gmt":"2021-05-19T15:22:30","slug":"patagones-pasa-a-fase-3","status":"publish","type":"post","link":"https:\/\/www.elpolitologoyelpolitico.com.ar\/wordpress\/2021\/05\/19\/patagones-pasa-a-fase-3\/","title":{"rendered":"Patagones Pasa a Fase 3"},"content":{"rendered":"\t\t<div data-elementor-type=\"wp-post\" data-elementor-id=\"3058\" class=\"elementor elementor-3058\">\n\t\t\t\t\t\t<section class=\"elementor-section elementor-top-section elementor-element elementor-element-52d88da9 elementor-section-boxed elementor-section-height-default elementor-section-height-default\" data-id=\"52d88da9\" data-element_type=\"section\" data-e-type=\"section\">\n\t\t\t\t\t\t<div class=\"elementor-container elementor-column-gap-default\">\n\t\t\t\t\t<div class=\"elementor-column elementor-col-100 elementor-top-column elementor-element elementor-element-67e7e570\" data-id=\"67e7e570\" data-element_type=\"column\" data-e-type=\"column\">\n\t\t\t<div class=\"elementor-widget-wrap elementor-element-populated\">\n\t\t\t\t\t\t<div class=\"elementor-element elementor-element-3925b8f2 elementor-widget elementor-widget-text-editor\" data-id=\"3925b8f2\" data-element_type=\"widget\" data-e-type=\"widget\" data-widget_type=\"text-editor.default\">\n\t\t\t\t<div class=\"elementor-widget-container\">\n\t\t\t\t\t\t\t\t\t\n<p>Ante el incremento de contagios, el Gobierno de la Provincia dispuso que Patagones pase a Fase 3<\/p>\n\n\n\n<p>El Gobierno de la provincia de Buenos Aires, a trav\u00e9s de la resoluci\u00f3n 1827\/2021, anunci\u00f3 el pase de Patagones a la Fase 3, en funci\u00f3n de la tasa de incidencia de casos positivos de COVID19, que se registraron en los \u00faltimos d\u00edas.<\/p>\n\n\n\n<p>Las medidas que implica esta Fase, entrar\u00e1n en vigencia a partir de las 00 horas de este jueves, 20 de mayo.&nbsp;<\/p>\n\n\n\n<p>De acuerdo a las disposiciones que el Gobierno Provincial implement\u00f3 en el sistema de fases, la 3 indica que se limita la circulaci\u00f3n entre las 00.00 y las 06.00 horas, exceptuando a todas aquellas personas definidas como esenciales.&nbsp;<\/p>\n\n\n\n<p>En tanto, para la actividad comercial, el horario ser\u00e1 entre las 06 y las 20 horas; mientras que para bares y restaurantes, ser\u00e1 entre las 6 y las 23 horas.<\/p>\n\t\t\t\t\t\t\t\t<\/div>\n\t\t\t\t<\/div>\n\t\t\t\t\t<\/div>\n\t\t<\/div>\n\t\t\t\t\t<\/div>\n\t\t<\/section>\n\t\t\t\t<\/div>\n\t\t<div class=\"fb-background-color\">\n\t\t\t  <div \n\t\t\t  \tclass = \"fb-comments\" \n\t\t\t  \tdata-href = \"https:\/\/www.elpolitologoyelpolitico.com.ar\/wordpress\/2021\/05\/19\/patagones-pasa-a-fase-3\/\"\n\t\t\t  \tdata-numposts = \"10\"\n\t\t\t  \tdata-lazy = \"true\"\n\t\t\t\tdata-colorscheme = \"light\"\n\t\t\t\tdata-order-by = \"social\"\n\t\t\t\tdata-mobile=true>\n\t\t\t  <\/div><\/div>\n\t\t  <style>\n\t\t    .fb-background-color {\n\t\t\t\tbackground: #ffffff !important;\n\t\t\t}\n\t\t\t.fb_iframe_widget_fluid_desktop iframe {\n\t\t\t    width: 100% !important;\n\t\t\t}\n\t\t  <\/style>\n\t\t  ","protected":false},"excerpt":{"rendered":"<p>Ante el incremento de contagios, el Gobierno de la Provincia dispuso que Patagones pase a Fase 3 El Gobierno de la provincia de Buenos Aires, a trav\u00e9s de la resoluci\u00f3n 1827\/2021, anunci\u00f3 el pase de Patagones a la Fase 3, en funci\u00f3n de la tasa de incidencia de casos positivos de COVID19, que se registraron [&hellip;]<\/p>\n","protected":false},"author":4,"featured_media":3059,"comment_status":"closed","ping_status":"closed","sticky":false,"template":"","format":"standard","meta":{"_joinchat":[],"footnotes":""},"categories":[39],"tags":[],"class_list":["post-3058","post","type-post","status-publish","format-standard","has-post-thumbnail","hentry","category-en-esta-seccion"],"_links":{"self":[{"href":"https:\/\/www.elpolitologoyelpolitico.com.ar\/wordpress\/wp-json\/wp\/v2\/posts\/3058","targetHints":{"allow":["GET"]}}],"collection":[{"href":"https:\/\/www.elpolitologoyelpolitico.com.ar\/wordpress\/wp-json\/wp\/v2\/posts"}],"about":[{"href":"https:\/\/www.elpolitologoyelpolitico.com.ar\/wordpress\/wp-json\/wp\/v2\/types\/post"}],"author":[{"embeddable":true,"href":"https:\/\/www.elpolitologoyelpolitico.com.ar\/wordpress\/wp-json\/wp\/v2\/users\/4"}],"replies":[{"embeddable":true,"href":"https:\/\/www.elpolitologoyelpolitico.com.ar\/wordpress\/wp-json\/wp\/v2\/comments?post=3058"}],"version-history":[{"count":0,"href":"https:\/\/www.elpolitologoyelpolitico.com.ar\/wordpress\/wp-json\/wp\/v2\/posts\/3058\/revisions"}],"wp:featuredmedia":[{"embeddable":true,"href":"https:\/\/www.elpolitologoyelpolitico.com.ar\/wordpress\/wp-json\/wp\/v2\/media\/3059"}],"wp:attachment":[{"href":"https:\/\/www.elpolitologoyelpolitico.com.ar\/wordpress\/wp-json\/wp\/v2\/media?parent=3058"}],"wp:term":[{"taxonomy":"category","embeddable":true,"href":"https:\/\/www.elpolitologoyelpolitico.com.ar\/wordpress\/wp-json\/wp\/v2\/categories?post=3058"},{"taxonomy":"post_tag","embeddable":true,"href":"https:\/\/www.elpolitologoyelpolitico.com.ar\/wordpress\/wp-json\/wp\/v2\/tags?post=3058"}],"curies":[{"name":"wp","href":"https:\/\/api.w.org\/{rel}","templated":true}]}}