{"id":30578,"date":"2023-05-06T22:38:09","date_gmt":"2023-05-06T22:38:09","guid":{"rendered":"https:\/\/www.elpolitologoyelpolitico.com.ar\/wordpress\/?p=30578"},"modified":"2023-05-06T22:38:12","modified_gmt":"2023-05-06T22:38:12","slug":"continuan-las-charlas-de-prevencion-es-mejor-sin-humo","status":"publish","type":"post","link":"https:\/\/www.elpolitologoyelpolitico.com.ar\/wordpress\/2023\/05\/06\/continuan-las-charlas-de-prevencion-es-mejor-sin-humo\/","title":{"rendered":"Contin\u00faan las charlas de prevenci\u00f3n \u00abEs mejor sin humo\u00bb"},"content":{"rendered":"\n<p>En el marco del proyecto \u00abEs mejor sin humo\u00bb, el equipo del Centro Municipal de Adicciones, dependiente de la Secretar\u00eda de Desarrollo Social, visit\u00f3 distintas escuelas primarias de Carmen de Patagones.<\/p>\n\n\n\n<p>Realizaron tareas de informaci\u00f3n, sensibilizaci\u00f3n y concientizaci\u00f3n acerca de los efectos negativos del consumo de tabaco.<\/p>\n\n\n\n<p>En Argentina, la edad de inicio de consumo de tabaco se sit\u00faa, aproximadamente, en los 12 a\u00f1os, por lo cual es necesario realizar acciones de prevenci\u00f3n desde la ni\u00f1ez, incentivando a adoptar una postura cr\u00edtica ante el consumo de sustancias psicoactivas.<\/p>\n\n\n\n<p>El equipo del Centro Municipal de Adicciones agradeci\u00f3 a los alumnos, docentes, no docentes y padres por su participaci\u00f3n.<\/p>\n\n\n\n<figure class=\"wp-block-gallery has-nested-images columns-default is-cropped wp-block-gallery-1 is-layout-flex wp-block-gallery-is-layout-flex\">\n<figure class=\"wp-block-image size-large\"><img fetchpriority=\"high\" decoding=\"async\" width=\"720\" height=\"324\" data-id=\"30580\" src=\"https:\/\/www.elpolitologoyelpolitico.com.ar\/wp-content\/uploads\/2023\/05\/IMG-20230506-WA0007.jpg\" alt=\"\" class=\"wp-image-30580\" srcset=\"https:\/\/www.elpolitologoyelpolitico.com.ar\/wp-content\/uploads\/2023\/05\/IMG-20230506-WA0007.jpg 720w, https:\/\/www.elpolitologoyelpolitico.com.ar\/wp-content\/uploads\/2023\/05\/IMG-20230506-WA0007-300x135.jpg 300w\" sizes=\"(max-width: 720px) 100vw, 720px\" \/><\/figure>\n\n\n\n<figure class=\"wp-block-image size-large\"><img decoding=\"async\" width=\"720\" height=\"414\" data-id=\"30581\" src=\"https:\/\/www.elpolitologoyelpolitico.com.ar\/wp-content\/uploads\/2023\/05\/IMG-20230506-WA0006.jpg\" alt=\"\" class=\"wp-image-30581\" srcset=\"https:\/\/www.elpolitologoyelpolitico.com.ar\/wp-content\/uploads\/2023\/05\/IMG-20230506-WA0006.jpg 720w, https:\/\/www.elpolitologoyelpolitico.com.ar\/wp-content\/uploads\/2023\/05\/IMG-20230506-WA0006-300x173.jpg 300w\" sizes=\"(max-width: 720px) 100vw, 720px\" \/><\/figure>\n<\/figure>\n<div class=\"fb-background-color\">\n\t\t\t  <div \n\t\t\t  \tclass = \"fb-comments\" \n\t\t\t  \tdata-href = \"https:\/\/www.elpolitologoyelpolitico.com.ar\/wordpress\/2023\/05\/06\/continuan-las-charlas-de-prevencion-es-mejor-sin-humo\/\"\n\t\t\t  \tdata-numposts = \"10\"\n\t\t\t  \tdata-lazy = \"true\"\n\t\t\t\tdata-colorscheme = \"light\"\n\t\t\t\tdata-order-by = \"social\"\n\t\t\t\tdata-mobile=true>\n\t\t\t  <\/div><\/div>\n\t\t  <style>\n\t\t    .fb-background-color {\n\t\t\t\tbackground: #ffffff !important;\n\t\t\t}\n\t\t\t.fb_iframe_widget_fluid_desktop iframe {\n\t\t\t    width: 100% !important;\n\t\t\t}\n\t\t  <\/style>\n\t\t  ","protected":false},"excerpt":{"rendered":"<p>En el marco del proyecto \u00abEs mejor sin humo\u00bb, el equipo del Centro Municipal de Adicciones, dependiente de la Secretar\u00eda de Desarrollo Social, visit\u00f3 distintas escuelas primarias de Carmen de Patagones. Realizaron tareas de informaci\u00f3n, sensibilizaci\u00f3n y concientizaci\u00f3n acerca de los efectos negativos del consumo de tabaco. En Argentina, la edad de inicio de consumo [&hellip;]<\/p>\n","protected":false},"author":4,"featured_media":30579,"comment_status":"closed","ping_status":"closed","sticky":false,"template":"","format":"standard","meta":{"_joinchat":[],"footnotes":""},"categories":[39],"tags":[],"class_list":["post-30578","post","type-post","status-publish","format-standard","has-post-thumbnail","hentry","category-en-esta-seccion"],"_links":{"self":[{"href":"https:\/\/www.elpolitologoyelpolitico.com.ar\/wordpress\/wp-json\/wp\/v2\/posts\/30578","targetHints":{"allow":["GET"]}}],"collection":[{"href":"https:\/\/www.elpolitologoyelpolitico.com.ar\/wordpress\/wp-json\/wp\/v2\/posts"}],"about":[{"href":"https:\/\/www.elpolitologoyelpolitico.com.ar\/wordpress\/wp-json\/wp\/v2\/types\/post"}],"author":[{"embeddable":true,"href":"https:\/\/www.elpolitologoyelpolitico.com.ar\/wordpress\/wp-json\/wp\/v2\/users\/4"}],"replies":[{"embeddable":true,"href":"https:\/\/www.elpolitologoyelpolitico.com.ar\/wordpress\/wp-json\/wp\/v2\/comments?post=30578"}],"version-history":[{"count":0,"href":"https:\/\/www.elpolitologoyelpolitico.com.ar\/wordpress\/wp-json\/wp\/v2\/posts\/30578\/revisions"}],"wp:featuredmedia":[{"embeddable":true,"href":"https:\/\/www.elpolitologoyelpolitico.com.ar\/wordpress\/wp-json\/wp\/v2\/media\/30579"}],"wp:attachment":[{"href":"https:\/\/www.elpolitologoyelpolitico.com.ar\/wordpress\/wp-json\/wp\/v2\/media?parent=30578"}],"wp:term":[{"taxonomy":"category","embeddable":true,"href":"https:\/\/www.elpolitologoyelpolitico.com.ar\/wordpress\/wp-json\/wp\/v2\/categories?post=30578"},{"taxonomy":"post_tag","embeddable":true,"href":"https:\/\/www.elpolitologoyelpolitico.com.ar\/wordpress\/wp-json\/wp\/v2\/tags?post=30578"}],"curies":[{"name":"wp","href":"https:\/\/api.w.org\/{rel}","templated":true}]}}