{"id":29593,"date":"2023-03-25T20:45:23","date_gmt":"2023-03-25T20:45:23","guid":{"rendered":"https:\/\/www.elpolitologoyelpolitico.com.ar\/wordpress\/?p=29593"},"modified":"2023-03-25T20:45:57","modified_gmt":"2023-03-25T20:45:57","slug":"democracia-y-proceso-electoral","status":"publish","type":"post","link":"https:\/\/www.elpolitologoyelpolitico.com.ar\/wordpress\/2023\/03\/25\/democracia-y-proceso-electoral\/","title":{"rendered":"Democracia y Proceso Electoral"},"content":{"rendered":"\n<p>Optar por un determinado proceso electoral es una de las decisiones institucionales m\u00e1s importantes en una democracia. Sin embargo, durante este a\u00f1o, en un contexto de elecciones -desdobladas-tanto a nivel nacional como subnacional, dicho proceso implicar\u00e1 una evaluaci\u00f3n anal\u00edtica de ciertas caracter\u00edsticas particulares.<\/p>\n\n\n\n<p>Todo proceso electoral tiene distintas singularidades, de las cuales se pueden identificar, por ejemplo, las siguientes: el panorama electoral previo y post-elecciones, la imagen de los distintos candidatos, la opini\u00f3n p\u00fablica, la comunicaci\u00f3n y el discurso pol\u00edtico.<\/p>\n\n\n\n<p>Es necesario explicar la idea de panorama electoral, que tiene que ver precisamente con observar distintos aspectos de una situaci\u00f3n, o, en otras palabras, observar las distintas maniobras sociales y pol\u00edticas, antes y durante el desarrollo de las elecciones, tanto de los candidatos como tambi\u00e9n de los votantes.<\/p>\n\n\n\n<p>De esta manera, el rol que cumple la <em>opini\u00f3n p\u00fablica<\/em> se vincula con la idea de panorama electoral y es as\u00ed como tambi\u00e9n se vuelve relevante la <em>comunicaci\u00f3n<\/em> y el <em>discurso<\/em> pol\u00edtico. Esto se debe a que la comunicaci\u00f3n pol\u00edtica es un rasgo principal de todo proceso electoral. De hecho, para llevar a cabo c\u00e1lculos estrat\u00e9gicos, o bien poder ahondar sobre la percepci\u00f3n de las din\u00e1micas socio-pol\u00edticas, no se puede dejar de lado el papel fundamental de la comunicaci\u00f3n, como as\u00ed tambi\u00e9n desde la perspectiva del elector y\/o del potencial representante.<\/p>\n\n\n\n<p>En relaci\u00f3n a lo anterior, la imagen de los distintos candidatos tambi\u00e9n depende, entre otras variables, de la comunicaci\u00f3n y la participaci\u00f3n pol\u00edtica, sum\u00e1ndose a ello las tecnolog\u00edas de la informaci\u00f3n, que cumplen un rol ineludible en esta \u00e9poca.&nbsp;<\/p>\n\n\n\n<p>Actualmente, las redes sociales tienen gran influencia, lo cual puede ser analizado a partir de dos perspectivas: en primer lugar, en las decisiones de los votantes y, en segundo lugar, como aspirante a ser elegido, dado que nivelan el campo de juego pol\u00edtico, dando lugar a que un mayor n\u00famero de candidatos tenga voz, sea escuchado, mediante imagen, publicidad y principalmente tambi\u00e9n a trav\u00e9s del apoyo pol\u00edtico.&nbsp;<\/p>\n\n\n\n<p>Finalmente, se entiende que esta idea de caracter\u00edsticas que conforman el proceso electoral se vincula y se necesitan entre s\u00ed para desarrollar elecciones de manera adecuada. Cabe destacar que la comunicaci\u00f3n es la columna vertebral entre los que ser\u00e1n elegidos y los ciudadanos. Las ramificaciones del impacto que pueden darse sobre el comportamiento pol\u00edtico, pero principalmente sobre la conducta electoral, son muy diversas y no siempre claras.&nbsp;<\/p>\n\n\n\n<p><strong>Lic. Agustina Carrizo<\/strong><\/p>\n<div class=\"fb-background-color\">\n\t\t\t  <div \n\t\t\t  \tclass = \"fb-comments\" \n\t\t\t  \tdata-href = \"https:\/\/www.elpolitologoyelpolitico.com.ar\/wordpress\/2023\/03\/25\/democracia-y-proceso-electoral\/\"\n\t\t\t  \tdata-numposts = \"10\"\n\t\t\t  \tdata-lazy = \"true\"\n\t\t\t\tdata-colorscheme = \"light\"\n\t\t\t\tdata-order-by = \"social\"\n\t\t\t\tdata-mobile=true>\n\t\t\t  <\/div><\/div>\n\t\t  <style>\n\t\t    .fb-background-color {\n\t\t\t\tbackground: #ffffff !important;\n\t\t\t}\n\t\t\t.fb_iframe_widget_fluid_desktop iframe {\n\t\t\t    width: 100% !important;\n\t\t\t}\n\t\t  <\/style>\n\t\t  ","protected":false},"excerpt":{"rendered":"<p>Optar por un determinado proceso electoral es una de las decisiones institucionales m\u00e1s importantes en una democracia. Sin embargo, durante este a\u00f1o, en un contexto de elecciones -desdobladas-tanto a nivel nacional como subnacional, dicho proceso implicar\u00e1 una evaluaci\u00f3n anal\u00edtica de ciertas caracter\u00edsticas particulares. Todo proceso electoral tiene distintas singularidades, de las cuales se pueden identificar, [&hellip;]<\/p>\n","protected":false},"author":4,"featured_media":29594,"comment_status":"closed","ping_status":"closed","sticky":false,"template":"","format":"standard","meta":{"_joinchat":[],"footnotes":""},"categories":[41],"tags":[],"class_list":["post-29593","post","type-post","status-publish","format-standard","has-post-thumbnail","hentry","category-consultora-politica"],"_links":{"self":[{"href":"https:\/\/www.elpolitologoyelpolitico.com.ar\/wordpress\/wp-json\/wp\/v2\/posts\/29593","targetHints":{"allow":["GET"]}}],"collection":[{"href":"https:\/\/www.elpolitologoyelpolitico.com.ar\/wordpress\/wp-json\/wp\/v2\/posts"}],"about":[{"href":"https:\/\/www.elpolitologoyelpolitico.com.ar\/wordpress\/wp-json\/wp\/v2\/types\/post"}],"author":[{"embeddable":true,"href":"https:\/\/www.elpolitologoyelpolitico.com.ar\/wordpress\/wp-json\/wp\/v2\/users\/4"}],"replies":[{"embeddable":true,"href":"https:\/\/www.elpolitologoyelpolitico.com.ar\/wordpress\/wp-json\/wp\/v2\/comments?post=29593"}],"version-history":[{"count":0,"href":"https:\/\/www.elpolitologoyelpolitico.com.ar\/wordpress\/wp-json\/wp\/v2\/posts\/29593\/revisions"}],"wp:featuredmedia":[{"embeddable":true,"href":"https:\/\/www.elpolitologoyelpolitico.com.ar\/wordpress\/wp-json\/wp\/v2\/media\/29594"}],"wp:attachment":[{"href":"https:\/\/www.elpolitologoyelpolitico.com.ar\/wordpress\/wp-json\/wp\/v2\/media?parent=29593"}],"wp:term":[{"taxonomy":"category","embeddable":true,"href":"https:\/\/www.elpolitologoyelpolitico.com.ar\/wordpress\/wp-json\/wp\/v2\/categories?post=29593"},{"taxonomy":"post_tag","embeddable":true,"href":"https:\/\/www.elpolitologoyelpolitico.com.ar\/wordpress\/wp-json\/wp\/v2\/tags?post=29593"}],"curies":[{"name":"wp","href":"https:\/\/api.w.org\/{rel}","templated":true}]}}