{"id":28906,"date":"2023-02-28T12:38:52","date_gmt":"2023-02-28T12:38:52","guid":{"rendered":"https:\/\/www.elpolitologoyelpolitico.com.ar\/wordpress\/?p=28906"},"modified":"2023-02-28T12:38:54","modified_gmt":"2023-02-28T12:38:54","slug":"nuevas-gestiones-para-el-cierre-de-basurales-a-cielo-abierto-en-el-interior-del-distrito","status":"publish","type":"post","link":"https:\/\/www.elpolitologoyelpolitico.com.ar\/wordpress\/2023\/02\/28\/nuevas-gestiones-para-el-cierre-de-basurales-a-cielo-abierto-en-el-interior-del-distrito\/","title":{"rendered":"Nuevas gestiones para el cierre de basurales a cielo abierto en el Interior del Distrito"},"content":{"rendered":"\n<p>A partir de las gestiones del Intendente Municipal, Ing. Jos\u00e9 Luis Zara, junto al responsable del GIRSU de Patagones, Guido Bergandi, la Provincia contin\u00faa acompa\u00f1ando la iniciativa del cierre de los basurales a cielo abierto de las localidades de Juan A. Pradere, San Blas y Stroeder.<\/p>\n\n\n\n<p>La Comisi\u00f3n de t\u00e9cnicos designada oportunamente por la Direcci\u00f3n de Residuos S\u00f3lidos Urbanos del Ministerio de Ambiente de la Provincia de Buenos Aires, regres\u00f3 al Distrito para la elaboraci\u00f3n de un informe en relaci\u00f3n a la operaci\u00f3n de dichos basurales.<\/p>\n\n\n\n<p>La visita se concret\u00f3 con el objetivo de continuar trabajando en un camino que permita, en el menor tiempo posible, elaborar estrategias de cierre a trav\u00e9s de la transferencia de los residuos s\u00f3lidos urbanos al relleno sanitario de Viedma.<\/p>\n\n\n\n<figure class=\"wp-block-image size-full is-resized\"><img fetchpriority=\"high\" decoding=\"async\" src=\"https:\/\/www.elpolitologoyelpolitico.com.ar\/wp-content\/uploads\/2023\/02\/IMG-20230228-WA0002.jpg\" alt=\"\" class=\"wp-image-28908\" width=\"772\" height=\"1028\" srcset=\"https:\/\/www.elpolitologoyelpolitico.com.ar\/wp-content\/uploads\/2023\/02\/IMG-20230228-WA0002.jpg 768w, https:\/\/www.elpolitologoyelpolitico.com.ar\/wp-content\/uploads\/2023\/02\/IMG-20230228-WA0002-225x300.jpg 225w\" sizes=\"(max-width: 772px) 100vw, 772px\" \/><\/figure>\n<div class=\"fb-background-color\">\n\t\t\t  <div \n\t\t\t  \tclass = \"fb-comments\" \n\t\t\t  \tdata-href = \"https:\/\/www.elpolitologoyelpolitico.com.ar\/wordpress\/2023\/02\/28\/nuevas-gestiones-para-el-cierre-de-basurales-a-cielo-abierto-en-el-interior-del-distrito\/\"\n\t\t\t  \tdata-numposts = \"10\"\n\t\t\t  \tdata-lazy = \"true\"\n\t\t\t\tdata-colorscheme = \"light\"\n\t\t\t\tdata-order-by = \"social\"\n\t\t\t\tdata-mobile=true>\n\t\t\t  <\/div><\/div>\n\t\t  <style>\n\t\t    .fb-background-color {\n\t\t\t\tbackground: #ffffff !important;\n\t\t\t}\n\t\t\t.fb_iframe_widget_fluid_desktop iframe {\n\t\t\t    width: 100% !important;\n\t\t\t}\n\t\t  <\/style>\n\t\t  ","protected":false},"excerpt":{"rendered":"<p>A partir de las gestiones del Intendente Municipal, Ing. Jos\u00e9 Luis Zara, junto al responsable del GIRSU de Patagones, Guido Bergandi, la Provincia contin\u00faa acompa\u00f1ando la iniciativa del cierre de los basurales a cielo abierto de las localidades de Juan A. Pradere, San Blas y Stroeder. La Comisi\u00f3n de t\u00e9cnicos designada oportunamente por la Direcci\u00f3n [&hellip;]<\/p>\n","protected":false},"author":4,"featured_media":28907,"comment_status":"closed","ping_status":"closed","sticky":false,"template":"","format":"standard","meta":{"_joinchat":[],"footnotes":""},"categories":[4],"tags":[],"class_list":["post-28906","post","type-post","status-publish","format-standard","has-post-thumbnail","hentry","category-politicas-publicas"],"_links":{"self":[{"href":"https:\/\/www.elpolitologoyelpolitico.com.ar\/wordpress\/wp-json\/wp\/v2\/posts\/28906","targetHints":{"allow":["GET"]}}],"collection":[{"href":"https:\/\/www.elpolitologoyelpolitico.com.ar\/wordpress\/wp-json\/wp\/v2\/posts"}],"about":[{"href":"https:\/\/www.elpolitologoyelpolitico.com.ar\/wordpress\/wp-json\/wp\/v2\/types\/post"}],"author":[{"embeddable":true,"href":"https:\/\/www.elpolitologoyelpolitico.com.ar\/wordpress\/wp-json\/wp\/v2\/users\/4"}],"replies":[{"embeddable":true,"href":"https:\/\/www.elpolitologoyelpolitico.com.ar\/wordpress\/wp-json\/wp\/v2\/comments?post=28906"}],"version-history":[{"count":0,"href":"https:\/\/www.elpolitologoyelpolitico.com.ar\/wordpress\/wp-json\/wp\/v2\/posts\/28906\/revisions"}],"wp:featuredmedia":[{"embeddable":true,"href":"https:\/\/www.elpolitologoyelpolitico.com.ar\/wordpress\/wp-json\/wp\/v2\/media\/28907"}],"wp:attachment":[{"href":"https:\/\/www.elpolitologoyelpolitico.com.ar\/wordpress\/wp-json\/wp\/v2\/media?parent=28906"}],"wp:term":[{"taxonomy":"category","embeddable":true,"href":"https:\/\/www.elpolitologoyelpolitico.com.ar\/wordpress\/wp-json\/wp\/v2\/categories?post=28906"},{"taxonomy":"post_tag","embeddable":true,"href":"https:\/\/www.elpolitologoyelpolitico.com.ar\/wordpress\/wp-json\/wp\/v2\/tags?post=28906"}],"curies":[{"name":"wp","href":"https:\/\/api.w.org\/{rel}","templated":true}]}}