{"id":28903,"date":"2023-02-28T12:25:56","date_gmt":"2023-02-28T12:25:56","guid":{"rendered":"https:\/\/www.elpolitologoyelpolitico.com.ar\/wordpress\/?p=28903"},"modified":"2023-02-28T12:25:57","modified_gmt":"2023-02-28T12:25:57","slug":"licitan-la-rehabilitacion-de-toma-de-agua-potable-en-carmen-de-patagones","status":"publish","type":"post","link":"https:\/\/www.elpolitologoyelpolitico.com.ar\/wordpress\/2023\/02\/28\/licitan-la-rehabilitacion-de-toma-de-agua-potable-en-carmen-de-patagones\/","title":{"rendered":"Licitan la rehabilitaci\u00f3n de Toma de agua potable en Carmen de Patagones."},"content":{"rendered":"\n<p>El jueves 2 de marzo, se realizar\u00e1 la apertura de sobres para la licitaci\u00f3n de la Toma de agua en la ciudad cabecera del distrito.<\/p>\n\n\n\n<p>Desde el bloque de Concejales del Frente de Todos, informan que el Ministro de Infraestructura y Servicios P\u00fablicos de la Pcia. de Buenos Aires, Leonardo Nardini, a trav\u00e9s de la Subsecretar\u00eda de Recursos H\u00eddricos, realizar\u00e1 la apertura de sobres de la licitaci\u00f3n para la REHABILITACI\u00d3N DE LA TOMA DE AGUA POTABLE para Carmen de Patagones.<br>Dicha licitaci\u00f3n, se llevar\u00e1 a cabo el pr\u00f3ximo 2 de Marzo, a las 12 Hs; de forma presencial en el sal\u00f3n Ing. Huergo, del Ministerio de Infraestructura y Servicios P\u00fablicos, ubicada en calle 7 N\u00b0 1267 de la ciudad de la Plata.<\/p>\n\n\n\n<p>Los Concejales del FdT,&nbsp; recorrieron la obra de la cisterna de agua ubicada en la plaza Lacarra pronto a inaugurarse y vinculada directamente con esta licitaci\u00f3n, ya que ser\u00e1 el deposito a donde se&nbsp; bombeara el agua, despues de ser potabilizada, para que luego&nbsp;&nbsp; llegue a la red de agua.<\/p>\n\n\n\n<p>\u00abEsta es una obra m\u00e1s del gobierno provincial de Axel Kicilof que nos ha escuchado frente a las necesidades de la gente que le hemos trasmitido a sus funcionarios, estamos m\u00e1s agradecidos por llegar a nuestro distrito y demostrar que gobierna para todos los habitantes de la Pcia. coincidieron los Concejales\u00bb.<\/p>\n<div class=\"fb-background-color\">\n\t\t\t  <div \n\t\t\t  \tclass = \"fb-comments\" \n\t\t\t  \tdata-href = \"https:\/\/www.elpolitologoyelpolitico.com.ar\/wordpress\/2023\/02\/28\/licitan-la-rehabilitacion-de-toma-de-agua-potable-en-carmen-de-patagones\/\"\n\t\t\t  \tdata-numposts = \"10\"\n\t\t\t  \tdata-lazy = \"true\"\n\t\t\t\tdata-colorscheme = \"light\"\n\t\t\t\tdata-order-by = \"social\"\n\t\t\t\tdata-mobile=true>\n\t\t\t  <\/div><\/div>\n\t\t  <style>\n\t\t    .fb-background-color {\n\t\t\t\tbackground: #ffffff !important;\n\t\t\t}\n\t\t\t.fb_iframe_widget_fluid_desktop iframe {\n\t\t\t    width: 100% !important;\n\t\t\t}\n\t\t  <\/style>\n\t\t  ","protected":false},"excerpt":{"rendered":"<p>El jueves 2 de marzo, se realizar\u00e1 la apertura de sobres para la licitaci\u00f3n de la Toma de agua en la ciudad cabecera del distrito. Desde el bloque de Concejales del Frente de Todos, informan que el Ministro de Infraestructura y Servicios P\u00fablicos de la Pcia. de Buenos Aires, Leonardo Nardini, a trav\u00e9s de la [&hellip;]<\/p>\n","protected":false},"author":4,"featured_media":28904,"comment_status":"closed","ping_status":"closed","sticky":false,"template":"","format":"standard","meta":{"_joinchat":[],"footnotes":""},"categories":[4],"tags":[],"class_list":["post-28903","post","type-post","status-publish","format-standard","has-post-thumbnail","hentry","category-politicas-publicas"],"_links":{"self":[{"href":"https:\/\/www.elpolitologoyelpolitico.com.ar\/wordpress\/wp-json\/wp\/v2\/posts\/28903","targetHints":{"allow":["GET"]}}],"collection":[{"href":"https:\/\/www.elpolitologoyelpolitico.com.ar\/wordpress\/wp-json\/wp\/v2\/posts"}],"about":[{"href":"https:\/\/www.elpolitologoyelpolitico.com.ar\/wordpress\/wp-json\/wp\/v2\/types\/post"}],"author":[{"embeddable":true,"href":"https:\/\/www.elpolitologoyelpolitico.com.ar\/wordpress\/wp-json\/wp\/v2\/users\/4"}],"replies":[{"embeddable":true,"href":"https:\/\/www.elpolitologoyelpolitico.com.ar\/wordpress\/wp-json\/wp\/v2\/comments?post=28903"}],"version-history":[{"count":0,"href":"https:\/\/www.elpolitologoyelpolitico.com.ar\/wordpress\/wp-json\/wp\/v2\/posts\/28903\/revisions"}],"wp:featuredmedia":[{"embeddable":true,"href":"https:\/\/www.elpolitologoyelpolitico.com.ar\/wordpress\/wp-json\/wp\/v2\/media\/28904"}],"wp:attachment":[{"href":"https:\/\/www.elpolitologoyelpolitico.com.ar\/wordpress\/wp-json\/wp\/v2\/media?parent=28903"}],"wp:term":[{"taxonomy":"category","embeddable":true,"href":"https:\/\/www.elpolitologoyelpolitico.com.ar\/wordpress\/wp-json\/wp\/v2\/categories?post=28903"},{"taxonomy":"post_tag","embeddable":true,"href":"https:\/\/www.elpolitologoyelpolitico.com.ar\/wordpress\/wp-json\/wp\/v2\/tags?post=28903"}],"curies":[{"name":"wp","href":"https:\/\/api.w.org\/{rel}","templated":true}]}}