{"id":28856,"date":"2023-02-26T18:01:38","date_gmt":"2023-02-26T18:01:38","guid":{"rendered":"https:\/\/www.elpolitologoyelpolitico.com.ar\/wordpress\/?p=28856"},"modified":"2023-02-26T18:03:07","modified_gmt":"2023-02-26T18:03:07","slug":"el-intendente-zara-mantuvo-diversas-reuniones-en-san-blas","status":"publish","type":"post","link":"https:\/\/www.elpolitologoyelpolitico.com.ar\/wordpress\/2023\/02\/26\/el-intendente-zara-mantuvo-diversas-reuniones-en-san-blas\/","title":{"rendered":"El Intendente Zara mantuvo diversas reuniones en San Blas"},"content":{"rendered":"\n<p>Este jueves por la tarde, el Intendente Municipal, Ing. Jos\u00e9 Luis Zara, visit\u00f3 la localidad de Bah\u00eda San Blas y dialog\u00f3 con distintas instituciones y organizaciones locales.&nbsp;<\/p>\n\n\n\n<p>Estuvo acompa\u00f1ado por el Delegado Municipal, Marcelo Molteni, el Jefe de Gabinete, Fabio Bettinelli, el Secretario de Obras P\u00fablicas, Jorge Isaac, el Subsecretario de Planificaci\u00f3n y Patrimonio, Juan Carlos Ricca, el referente del GIRSU en Patagones, Guido Bergandi, y el concejal de Juntos, Ricardo Angos.&nbsp;<\/p>\n\n\n\n<p>En primer t\u00e9rmino, el jefe comunal y parte de su equipo de reunieron con los integrantes de la Comisi\u00f3n de Fomento y abordaron distintos proyectos dise\u00f1ados por la entidad.&nbsp;<\/p>\n\n\n\n<p>Luego, recibieron en la Delegaci\u00f3n Municipal al personal que se desempe\u00f1a en la Sala de Primeros Auxilios de la localidad, con quienes diagramaron nuevas acciones tendientes a optimizar las prestaciones tanto a los vecinos como a los turistas.&nbsp;<\/p>\n\n\n\n<p>A continuaci\u00f3n, mantuvieron una reuni\u00f3n con la Comisi\u00f3n de Festejos, realizaron un positivo balance de las propuestas que se organizaron con motivo del Carnaval y comenzaron con la proyecci\u00f3n de las actividades, en conjunto con la Direcci\u00f3n de Cultura, para Semana Santa.&nbsp;<\/p>\n\n\n\n<p>Finalmente, Zara se reuni\u00f3 con personal de la Oficina de Turismo para atender diversas inquietudes y programar nuevas estrategias de promoci\u00f3n y difusi\u00f3n para lo que resta del a\u00f1o.<\/p>\n\n\n\n<figure class=\"wp-block-image size-full\"><img fetchpriority=\"high\" decoding=\"async\" width=\"720\" height=\"336\" src=\"https:\/\/www.elpolitologoyelpolitico.com.ar\/wp-content\/uploads\/2023\/02\/IMG-20230226-WA0021.jpg\" alt=\"\" class=\"wp-image-28858\" srcset=\"https:\/\/www.elpolitologoyelpolitico.com.ar\/wp-content\/uploads\/2023\/02\/IMG-20230226-WA0021.jpg 720w, https:\/\/www.elpolitologoyelpolitico.com.ar\/wp-content\/uploads\/2023\/02\/IMG-20230226-WA0021-300x140.jpg 300w\" sizes=\"(max-width: 720px) 100vw, 720px\" \/><\/figure>\n\n\n\n<p><\/p>\n<div class=\"fb-background-color\">\n\t\t\t  <div \n\t\t\t  \tclass = \"fb-comments\" \n\t\t\t  \tdata-href = \"https:\/\/www.elpolitologoyelpolitico.com.ar\/wordpress\/2023\/02\/26\/el-intendente-zara-mantuvo-diversas-reuniones-en-san-blas\/\"\n\t\t\t  \tdata-numposts = \"10\"\n\t\t\t  \tdata-lazy = \"true\"\n\t\t\t\tdata-colorscheme = \"light\"\n\t\t\t\tdata-order-by = \"social\"\n\t\t\t\tdata-mobile=true>\n\t\t\t  <\/div><\/div>\n\t\t  <style>\n\t\t    .fb-background-color {\n\t\t\t\tbackground: #ffffff !important;\n\t\t\t}\n\t\t\t.fb_iframe_widget_fluid_desktop iframe {\n\t\t\t    width: 100% !important;\n\t\t\t}\n\t\t  <\/style>\n\t\t  ","protected":false},"excerpt":{"rendered":"<p>Este jueves por la tarde, el Intendente Municipal, Ing. Jos\u00e9 Luis Zara, visit\u00f3 la localidad de Bah\u00eda San Blas y dialog\u00f3 con distintas instituciones y organizaciones locales.&nbsp; Estuvo acompa\u00f1ado por el Delegado Municipal, Marcelo Molteni, el Jefe de Gabinete, Fabio Bettinelli, el Secretario de Obras P\u00fablicas, Jorge Isaac, el Subsecretario de Planificaci\u00f3n y Patrimonio, Juan [&hellip;]<\/p>\n","protected":false},"author":4,"featured_media":28857,"comment_status":"closed","ping_status":"closed","sticky":false,"template":"","format":"standard","meta":{"_joinchat":[],"footnotes":""},"categories":[4],"tags":[],"class_list":["post-28856","post","type-post","status-publish","format-standard","has-post-thumbnail","hentry","category-politicas-publicas"],"_links":{"self":[{"href":"https:\/\/www.elpolitologoyelpolitico.com.ar\/wordpress\/wp-json\/wp\/v2\/posts\/28856","targetHints":{"allow":["GET"]}}],"collection":[{"href":"https:\/\/www.elpolitologoyelpolitico.com.ar\/wordpress\/wp-json\/wp\/v2\/posts"}],"about":[{"href":"https:\/\/www.elpolitologoyelpolitico.com.ar\/wordpress\/wp-json\/wp\/v2\/types\/post"}],"author":[{"embeddable":true,"href":"https:\/\/www.elpolitologoyelpolitico.com.ar\/wordpress\/wp-json\/wp\/v2\/users\/4"}],"replies":[{"embeddable":true,"href":"https:\/\/www.elpolitologoyelpolitico.com.ar\/wordpress\/wp-json\/wp\/v2\/comments?post=28856"}],"version-history":[{"count":0,"href":"https:\/\/www.elpolitologoyelpolitico.com.ar\/wordpress\/wp-json\/wp\/v2\/posts\/28856\/revisions"}],"wp:featuredmedia":[{"embeddable":true,"href":"https:\/\/www.elpolitologoyelpolitico.com.ar\/wordpress\/wp-json\/wp\/v2\/media\/28857"}],"wp:attachment":[{"href":"https:\/\/www.elpolitologoyelpolitico.com.ar\/wordpress\/wp-json\/wp\/v2\/media?parent=28856"}],"wp:term":[{"taxonomy":"category","embeddable":true,"href":"https:\/\/www.elpolitologoyelpolitico.com.ar\/wordpress\/wp-json\/wp\/v2\/categories?post=28856"},{"taxonomy":"post_tag","embeddable":true,"href":"https:\/\/www.elpolitologoyelpolitico.com.ar\/wordpress\/wp-json\/wp\/v2\/tags?post=28856"}],"curies":[{"name":"wp","href":"https:\/\/api.w.org\/{rel}","templated":true}]}}