{"id":28831,"date":"2023-02-25T16:44:12","date_gmt":"2023-02-25T16:44:12","guid":{"rendered":"https:\/\/www.elpolitologoyelpolitico.com.ar\/wordpress\/?p=28831"},"modified":"2023-02-25T16:44:14","modified_gmt":"2023-02-25T16:44:14","slug":"zara-recibio-a-referentes-provinciales-del-comando-de-patrulla-rural","status":"publish","type":"post","link":"https:\/\/www.elpolitologoyelpolitico.com.ar\/wordpress\/2023\/02\/25\/zara-recibio-a-referentes-provinciales-del-comando-de-patrulla-rural\/","title":{"rendered":"Zara recibi\u00f3 a referentes provinciales del Comando de Patrulla Rural"},"content":{"rendered":"\n<p>El Intendente Municipal, Ing. Jos\u00e9 Luis Zara, recibi\u00f3 en su despacho al Director Operativo Sur de la Superintendencia de Seguridad Rural, Comisario Mayor Diego Bravo, al Coordinador de Zona de Seguridad Rural Bah\u00eda Blanca, Comisario Inspector Marco Sollberger, y al Subcoordinador Comisario Inspector, Christian O&#8217;higgins.<\/p>\n\n\n\n<p>El mandatario estuvo acompa\u00f1ado por el Jefe de Gabinete, Fabio Bettinelli, y el Secretario de Seguridad, Lic. Sandro Pino.<br>La reuni\u00f3n tuvo como eje principal el an\u00e1lisis de las acciones del Comando de Patrulla Rural a nivel local.<\/p>\n\n\n\n<p>\u201cLos referentes provinciales destacaron el apoyo del Ejecutivo en las tareas preventivas y evaluaron una mayor disposici\u00f3n de recursos humanos. Asimismo, hablaron sobre la posibilidad de establecer y recategorizar el puesto de Patrulla Rural de Pradere a un subcomando; con una dependencia policial con oficial jefe y mayores recursos para la operatividad en la prevenci\u00f3n en el sector norte del Partido\u201d, indic\u00f3 el Secretario de Seguridad, Sandro Pino.<\/p>\n\n\n\n<p>Finalmente, destac\u00f3 que \u201cestas visitas son bien recibidas porque las m\u00e1ximas autoridades de la Provincia abordan con las autoridades del Ejecutivo Municipal distintas acciones con respecto a la seguridad p\u00fablica\u201d.<\/p>\n\n\n\n<figure class=\"wp-block-gallery has-nested-images columns-default is-cropped wp-block-gallery-1 is-layout-flex wp-block-gallery-is-layout-flex\">\n<figure class=\"wp-block-image size-large\"><img fetchpriority=\"high\" decoding=\"async\" width=\"1024\" height=\"682\" data-id=\"28833\" src=\"https:\/\/www.elpolitologoyelpolitico.com.ar\/wp-content\/uploads\/2023\/02\/IMG-20230225-WA0016-1024x682.jpg\" alt=\"\" class=\"wp-image-28833\" srcset=\"https:\/\/www.elpolitologoyelpolitico.com.ar\/wp-content\/uploads\/2023\/02\/IMG-20230225-WA0016-1024x682.jpg 1024w, https:\/\/www.elpolitologoyelpolitico.com.ar\/wp-content\/uploads\/2023\/02\/IMG-20230225-WA0016-300x200.jpg 300w, https:\/\/www.elpolitologoyelpolitico.com.ar\/wp-content\/uploads\/2023\/02\/IMG-20230225-WA0016-768x512.jpg 768w, https:\/\/www.elpolitologoyelpolitico.com.ar\/wp-content\/uploads\/2023\/02\/IMG-20230225-WA0016-1536x1023.jpg 1536w, https:\/\/www.elpolitologoyelpolitico.com.ar\/wp-content\/uploads\/2023\/02\/IMG-20230225-WA0016.jpg 1600w\" sizes=\"(max-width: 1024px) 100vw, 1024px\" \/><\/figure>\n\n\n\n<figure class=\"wp-block-image size-large\"><img decoding=\"async\" width=\"1024\" height=\"682\" data-id=\"28834\" src=\"https:\/\/www.elpolitologoyelpolitico.com.ar\/wp-content\/uploads\/2023\/02\/IMG-20230225-WA0015-1024x682.jpg\" alt=\"\" class=\"wp-image-28834\" srcset=\"https:\/\/www.elpolitologoyelpolitico.com.ar\/wp-content\/uploads\/2023\/02\/IMG-20230225-WA0015-1024x682.jpg 1024w, https:\/\/www.elpolitologoyelpolitico.com.ar\/wp-content\/uploads\/2023\/02\/IMG-20230225-WA0015-300x200.jpg 300w, https:\/\/www.elpolitologoyelpolitico.com.ar\/wp-content\/uploads\/2023\/02\/IMG-20230225-WA0015-768x512.jpg 768w, https:\/\/www.elpolitologoyelpolitico.com.ar\/wp-content\/uploads\/2023\/02\/IMG-20230225-WA0015-1536x1023.jpg 1536w, https:\/\/www.elpolitologoyelpolitico.com.ar\/wp-content\/uploads\/2023\/02\/IMG-20230225-WA0015.jpg 1600w\" sizes=\"(max-width: 1024px) 100vw, 1024px\" \/><\/figure>\n<\/figure>\n<div class=\"fb-background-color\">\n\t\t\t  <div \n\t\t\t  \tclass = \"fb-comments\" \n\t\t\t  \tdata-href = \"https:\/\/www.elpolitologoyelpolitico.com.ar\/wordpress\/2023\/02\/25\/zara-recibio-a-referentes-provinciales-del-comando-de-patrulla-rural\/\"\n\t\t\t  \tdata-numposts = \"10\"\n\t\t\t  \tdata-lazy = \"true\"\n\t\t\t\tdata-colorscheme = \"light\"\n\t\t\t\tdata-order-by = \"social\"\n\t\t\t\tdata-mobile=true>\n\t\t\t  <\/div><\/div>\n\t\t  <style>\n\t\t    .fb-background-color {\n\t\t\t\tbackground: #ffffff !important;\n\t\t\t}\n\t\t\t.fb_iframe_widget_fluid_desktop iframe {\n\t\t\t    width: 100% !important;\n\t\t\t}\n\t\t  <\/style>\n\t\t  ","protected":false},"excerpt":{"rendered":"<p>El Intendente Municipal, Ing. Jos\u00e9 Luis Zara, recibi\u00f3 en su despacho al Director Operativo Sur de la Superintendencia de Seguridad Rural, Comisario Mayor Diego Bravo, al Coordinador de Zona de Seguridad Rural Bah\u00eda Blanca, Comisario Inspector Marco Sollberger, y al Subcoordinador Comisario Inspector, Christian O&#8217;higgins. El mandatario estuvo acompa\u00f1ado por el Jefe de Gabinete, Fabio [&hellip;]<\/p>\n","protected":false},"author":4,"featured_media":28832,"comment_status":"closed","ping_status":"closed","sticky":false,"template":"","format":"standard","meta":{"_joinchat":[],"footnotes":""},"categories":[4],"tags":[],"class_list":["post-28831","post","type-post","status-publish","format-standard","has-post-thumbnail","hentry","category-politicas-publicas"],"_links":{"self":[{"href":"https:\/\/www.elpolitologoyelpolitico.com.ar\/wordpress\/wp-json\/wp\/v2\/posts\/28831","targetHints":{"allow":["GET"]}}],"collection":[{"href":"https:\/\/www.elpolitologoyelpolitico.com.ar\/wordpress\/wp-json\/wp\/v2\/posts"}],"about":[{"href":"https:\/\/www.elpolitologoyelpolitico.com.ar\/wordpress\/wp-json\/wp\/v2\/types\/post"}],"author":[{"embeddable":true,"href":"https:\/\/www.elpolitologoyelpolitico.com.ar\/wordpress\/wp-json\/wp\/v2\/users\/4"}],"replies":[{"embeddable":true,"href":"https:\/\/www.elpolitologoyelpolitico.com.ar\/wordpress\/wp-json\/wp\/v2\/comments?post=28831"}],"version-history":[{"count":0,"href":"https:\/\/www.elpolitologoyelpolitico.com.ar\/wordpress\/wp-json\/wp\/v2\/posts\/28831\/revisions"}],"wp:featuredmedia":[{"embeddable":true,"href":"https:\/\/www.elpolitologoyelpolitico.com.ar\/wordpress\/wp-json\/wp\/v2\/media\/28832"}],"wp:attachment":[{"href":"https:\/\/www.elpolitologoyelpolitico.com.ar\/wordpress\/wp-json\/wp\/v2\/media?parent=28831"}],"wp:term":[{"taxonomy":"category","embeddable":true,"href":"https:\/\/www.elpolitologoyelpolitico.com.ar\/wordpress\/wp-json\/wp\/v2\/categories?post=28831"},{"taxonomy":"post_tag","embeddable":true,"href":"https:\/\/www.elpolitologoyelpolitico.com.ar\/wordpress\/wp-json\/wp\/v2\/tags?post=28831"}],"curies":[{"name":"wp","href":"https:\/\/api.w.org\/{rel}","templated":true}]}}