{"id":28755,"date":"2023-02-23T00:11:14","date_gmt":"2023-02-23T00:11:14","guid":{"rendered":"https:\/\/www.elpolitologoyelpolitico.com.ar\/wordpress\/?p=28755"},"modified":"2023-02-23T00:11:48","modified_gmt":"2023-02-23T00:11:48","slug":"hoy-comienza-la-inscripcion-a-los-talleres-de-oficios","status":"publish","type":"post","link":"https:\/\/www.elpolitologoyelpolitico.com.ar\/wordpress\/2023\/02\/23\/hoy-comienza-la-inscripcion-a-los-talleres-de-oficios\/","title":{"rendered":"Hoy comienza la inscripci\u00f3n a los talleres de oficios"},"content":{"rendered":"\n<p>La Secretar\u00eda de Desarrollo Social en un trabajo articulado con la Jefatura Distrital de Educaci\u00f3n y el Patronato de Liberados de la Provincia de Buenos Aires, comenz\u00f3 hoy con la inscripci\u00f3n para los talleres de oficios para este a\u00f1o.<\/p>\n\n\n\n<p>El cronograma de inscripci\u00f3n para los mismos ser\u00e1 el siguiente:<\/p>\n\n\n\n<p>Mi\u00e9rcoles 22\/02: Asistente Jur\u00eddico y Notarial.<\/p>\n\n\n\n<p>Jueves 23\/02: Panader\u00eda.<\/p>\n\n\n\n<p>Viernes 24\/02: Costura.<\/p>\n\n\n\n<p>Lunes 27\/02: Peluquer\u00eda.<\/p>\n\n\n\n<p>Los interesados deber\u00e1n presentarse en la Secretar\u00eda de Desarrollo Social, ubicada en calles Bertorello y Roque S\u00e1enz Pe\u00f1a,&nbsp; a partir de las 10 horas y deber\u00e1n acompa\u00f1ar fotocopia de DNI, fotocopia de \u00faltimo t\u00edtulo (ya sea primario o Secundario), y tener 16 a\u00f1os o m\u00e1s.<\/p>\n<div class=\"fb-background-color\">\n\t\t\t  <div \n\t\t\t  \tclass = \"fb-comments\" \n\t\t\t  \tdata-href = \"https:\/\/www.elpolitologoyelpolitico.com.ar\/wordpress\/2023\/02\/23\/hoy-comienza-la-inscripcion-a-los-talleres-de-oficios\/\"\n\t\t\t  \tdata-numposts = \"10\"\n\t\t\t  \tdata-lazy = \"true\"\n\t\t\t\tdata-colorscheme = \"light\"\n\t\t\t\tdata-order-by = \"social\"\n\t\t\t\tdata-mobile=true>\n\t\t\t  <\/div><\/div>\n\t\t  <style>\n\t\t    .fb-background-color {\n\t\t\t\tbackground: #ffffff !important;\n\t\t\t}\n\t\t\t.fb_iframe_widget_fluid_desktop iframe {\n\t\t\t    width: 100% !important;\n\t\t\t}\n\t\t  <\/style>\n\t\t  ","protected":false},"excerpt":{"rendered":"<p>La Secretar\u00eda de Desarrollo Social en un trabajo articulado con la Jefatura Distrital de Educaci\u00f3n y el Patronato de Liberados de la Provincia de Buenos Aires, comenz\u00f3 hoy con la inscripci\u00f3n para los talleres de oficios para este a\u00f1o. El cronograma de inscripci\u00f3n para los mismos ser\u00e1 el siguiente: Mi\u00e9rcoles 22\/02: Asistente Jur\u00eddico y Notarial. [&hellip;]<\/p>\n","protected":false},"author":4,"featured_media":28756,"comment_status":"closed","ping_status":"closed","sticky":false,"template":"","format":"standard","meta":{"_joinchat":[],"footnotes":""},"categories":[4],"tags":[],"class_list":["post-28755","post","type-post","status-publish","format-standard","has-post-thumbnail","hentry","category-politicas-publicas"],"_links":{"self":[{"href":"https:\/\/www.elpolitologoyelpolitico.com.ar\/wordpress\/wp-json\/wp\/v2\/posts\/28755","targetHints":{"allow":["GET"]}}],"collection":[{"href":"https:\/\/www.elpolitologoyelpolitico.com.ar\/wordpress\/wp-json\/wp\/v2\/posts"}],"about":[{"href":"https:\/\/www.elpolitologoyelpolitico.com.ar\/wordpress\/wp-json\/wp\/v2\/types\/post"}],"author":[{"embeddable":true,"href":"https:\/\/www.elpolitologoyelpolitico.com.ar\/wordpress\/wp-json\/wp\/v2\/users\/4"}],"replies":[{"embeddable":true,"href":"https:\/\/www.elpolitologoyelpolitico.com.ar\/wordpress\/wp-json\/wp\/v2\/comments?post=28755"}],"version-history":[{"count":0,"href":"https:\/\/www.elpolitologoyelpolitico.com.ar\/wordpress\/wp-json\/wp\/v2\/posts\/28755\/revisions"}],"wp:featuredmedia":[{"embeddable":true,"href":"https:\/\/www.elpolitologoyelpolitico.com.ar\/wordpress\/wp-json\/wp\/v2\/media\/28756"}],"wp:attachment":[{"href":"https:\/\/www.elpolitologoyelpolitico.com.ar\/wordpress\/wp-json\/wp\/v2\/media?parent=28755"}],"wp:term":[{"taxonomy":"category","embeddable":true,"href":"https:\/\/www.elpolitologoyelpolitico.com.ar\/wordpress\/wp-json\/wp\/v2\/categories?post=28755"},{"taxonomy":"post_tag","embeddable":true,"href":"https:\/\/www.elpolitologoyelpolitico.com.ar\/wordpress\/wp-json\/wp\/v2\/tags?post=28755"}],"curies":[{"name":"wp","href":"https:\/\/api.w.org\/{rel}","templated":true}]}}