{"id":28743,"date":"2023-02-22T19:12:11","date_gmt":"2023-02-22T19:12:11","guid":{"rendered":"https:\/\/www.elpolitologoyelpolitico.com.ar\/wordpress\/?p=28743"},"modified":"2023-02-22T19:12:59","modified_gmt":"2023-02-22T19:12:59","slug":"viedma-crea-el-registro-gratuito-de-alquileres-turisticos","status":"publish","type":"post","link":"https:\/\/www.elpolitologoyelpolitico.com.ar\/wordpress\/2023\/02\/22\/viedma-crea-el-registro-gratuito-de-alquileres-turisticos\/","title":{"rendered":"Viedma crea el registro gratuito de alquileres tur\u00edsticos"},"content":{"rendered":"\n<p>El gobierno de Viedma formalizar\u00e1 un registro \u00fanico y gratuito de casas y departamentos de alquileres tur\u00edsticos.<\/p>\n\n\n\n<p>Para acceder al beneficio y ser incluidos en la oferta formal, los alojamientos extrahoteleros tienen requerimientos flexibles cuando se trate de una o dos unidades comerciales en el mismo lote. Por caso, s\u00f3lo deber\u00e1 gestionar un Permiso Tur\u00edstico que garantice la emisi\u00f3n de factura por prestaci\u00f3n de servicio, contar con seguro integral de responsabilidad civil y la aprobaci\u00f3n del informe t\u00e9cnico antisiniestral para cada casa o departamento que se ofrezca al turista.<\/p>\n\n\n\n<p>Para clarificar la metodolog\u00eda a implementar de cara a la pr\u00f3xima temporada de verano, se convers\u00f3 con propietarios y gestores de alquileres de Viedma y el balneario El C\u00f3ndor, donde responsables t\u00e9cnicos de la Subsecretar\u00eda de Turismo local aportaron detalles sobre las obligaciones y oportunidades de negocio para quienes regularicen sus establecimientos.<\/p>\n\n\n\n<p>El Subsecretario de Turismo Sergio Rodriguez expres\u00f3 que el registro significa \u00abuna gran oportunidad para sumar plazas de alojamiento en el destino\u00bb y destac\u00f3 la gratuidad del tr\u00e1mite. \u00abEstamos poniendo en la vidriera los alojamientos que tienen para ofrecer los peque\u00f1os emprendedores. Esto implica mayor respuesta a la demanda, publicidad gratuita y seguridad para el turista\u00bb, a\u00f1adi\u00f3 el funcionario.<\/p>\n\n\n\n<p>Por consultas, los interesados deber\u00e1n acercarse a la Subsecretaria de Turismo \u2013 Av. Francisco de Viedma 51- o comunicarse por tel\u00e9fono o whatsapp al +54 9 2920 36-9651, de 8.00 a 14.00hs.<\/p>\n<div class=\"fb-background-color\">\n\t\t\t  <div \n\t\t\t  \tclass = \"fb-comments\" \n\t\t\t  \tdata-href = \"https:\/\/www.elpolitologoyelpolitico.com.ar\/wordpress\/2023\/02\/22\/viedma-crea-el-registro-gratuito-de-alquileres-turisticos\/\"\n\t\t\t  \tdata-numposts = \"10\"\n\t\t\t  \tdata-lazy = \"true\"\n\t\t\t\tdata-colorscheme = \"light\"\n\t\t\t\tdata-order-by = \"social\"\n\t\t\t\tdata-mobile=true>\n\t\t\t  <\/div><\/div>\n\t\t  <style>\n\t\t    .fb-background-color {\n\t\t\t\tbackground: #ffffff !important;\n\t\t\t}\n\t\t\t.fb_iframe_widget_fluid_desktop iframe {\n\t\t\t    width: 100% !important;\n\t\t\t}\n\t\t  <\/style>\n\t\t  ","protected":false},"excerpt":{"rendered":"<p>El gobierno de Viedma formalizar\u00e1 un registro \u00fanico y gratuito de casas y departamentos de alquileres tur\u00edsticos. Para acceder al beneficio y ser incluidos en la oferta formal, los alojamientos extrahoteleros tienen requerimientos flexibles cuando se trate de una o dos unidades comerciales en el mismo lote. Por caso, s\u00f3lo deber\u00e1 gestionar un Permiso Tur\u00edstico [&hellip;]<\/p>\n","protected":false},"author":4,"featured_media":28744,"comment_status":"closed","ping_status":"closed","sticky":false,"template":"","format":"standard","meta":{"_joinchat":[],"footnotes":""},"categories":[4],"tags":[],"class_list":["post-28743","post","type-post","status-publish","format-standard","has-post-thumbnail","hentry","category-politicas-publicas"],"_links":{"self":[{"href":"https:\/\/www.elpolitologoyelpolitico.com.ar\/wordpress\/wp-json\/wp\/v2\/posts\/28743","targetHints":{"allow":["GET"]}}],"collection":[{"href":"https:\/\/www.elpolitologoyelpolitico.com.ar\/wordpress\/wp-json\/wp\/v2\/posts"}],"about":[{"href":"https:\/\/www.elpolitologoyelpolitico.com.ar\/wordpress\/wp-json\/wp\/v2\/types\/post"}],"author":[{"embeddable":true,"href":"https:\/\/www.elpolitologoyelpolitico.com.ar\/wordpress\/wp-json\/wp\/v2\/users\/4"}],"replies":[{"embeddable":true,"href":"https:\/\/www.elpolitologoyelpolitico.com.ar\/wordpress\/wp-json\/wp\/v2\/comments?post=28743"}],"version-history":[{"count":0,"href":"https:\/\/www.elpolitologoyelpolitico.com.ar\/wordpress\/wp-json\/wp\/v2\/posts\/28743\/revisions"}],"wp:featuredmedia":[{"embeddable":true,"href":"https:\/\/www.elpolitologoyelpolitico.com.ar\/wordpress\/wp-json\/wp\/v2\/media\/28744"}],"wp:attachment":[{"href":"https:\/\/www.elpolitologoyelpolitico.com.ar\/wordpress\/wp-json\/wp\/v2\/media?parent=28743"}],"wp:term":[{"taxonomy":"category","embeddable":true,"href":"https:\/\/www.elpolitologoyelpolitico.com.ar\/wordpress\/wp-json\/wp\/v2\/categories?post=28743"},{"taxonomy":"post_tag","embeddable":true,"href":"https:\/\/www.elpolitologoyelpolitico.com.ar\/wordpress\/wp-json\/wp\/v2\/tags?post=28743"}],"curies":[{"name":"wp","href":"https:\/\/api.w.org\/{rel}","templated":true}]}}