{"id":28701,"date":"2023-02-19T20:38:30","date_gmt":"2023-02-19T20:38:30","guid":{"rendered":"https:\/\/www.elpolitologoyelpolitico.com.ar\/wordpress\/?p=28701"},"modified":"2023-02-19T20:40:41","modified_gmt":"2023-02-19T20:40:41","slug":"trabajos-de-repaso-y-mantenimiento-del-camino-a-san-blas","status":"publish","type":"post","link":"https:\/\/www.elpolitologoyelpolitico.com.ar\/wordpress\/2023\/02\/19\/trabajos-de-repaso-y-mantenimiento-del-camino-a-san-blas\/","title":{"rendered":"Trabajos de repaso y mantenimiento del camino a San Blas"},"content":{"rendered":"\n<p>La Delegaci\u00f3n Municipal de Bah\u00eda San Blas informa que durante las primeras horas de este domingo se realizaron tareas de repaso y mantenimiento del camino a la villa tur\u00edstica.<\/p>\n\n\n\n<p>El escurrimiento del agua que dificultaba el tr\u00e1nsito, a causa de las intensas lluvias de los \u00faltimos dias, permiti\u00f3 que el equipo de operarios pudieran trabajar en la zona, teniendo en cuenta la importante afluencia de turistas que ocuparon todas las plazas con motivo del fin de semana largo.<\/p>\n\n\n\n<p>De esta forma, se continuar\u00e1 trabajando para garantizar la transitabilidad.<\/p>\n\n\n\n<figure class=\"wp-block-image size-large\"><img fetchpriority=\"high\" decoding=\"async\" width=\"576\" height=\"1024\" src=\"https:\/\/www.elpolitologoyelpolitico.com.ar\/wp-content\/uploads\/2023\/02\/IMG-20230219-WA0007-576x1024.jpg\" alt=\"\" class=\"wp-image-28704\" srcset=\"https:\/\/www.elpolitologoyelpolitico.com.ar\/wp-content\/uploads\/2023\/02\/IMG-20230219-WA0007-576x1024.jpg 576w, https:\/\/www.elpolitologoyelpolitico.com.ar\/wp-content\/uploads\/2023\/02\/IMG-20230219-WA0007-169x300.jpg 169w, https:\/\/www.elpolitologoyelpolitico.com.ar\/wp-content\/uploads\/2023\/02\/IMG-20230219-WA0007.jpg 720w\" sizes=\"(max-width: 576px) 100vw, 576px\" \/><\/figure>\n<div class=\"fb-background-color\">\n\t\t\t  <div \n\t\t\t  \tclass = \"fb-comments\" \n\t\t\t  \tdata-href = \"https:\/\/www.elpolitologoyelpolitico.com.ar\/wordpress\/2023\/02\/19\/trabajos-de-repaso-y-mantenimiento-del-camino-a-san-blas\/\"\n\t\t\t  \tdata-numposts = \"10\"\n\t\t\t  \tdata-lazy = \"true\"\n\t\t\t\tdata-colorscheme = \"light\"\n\t\t\t\tdata-order-by = \"social\"\n\t\t\t\tdata-mobile=true>\n\t\t\t  <\/div><\/div>\n\t\t  <style>\n\t\t    .fb-background-color {\n\t\t\t\tbackground: #ffffff !important;\n\t\t\t}\n\t\t\t.fb_iframe_widget_fluid_desktop iframe {\n\t\t\t    width: 100% !important;\n\t\t\t}\n\t\t  <\/style>\n\t\t  ","protected":false},"excerpt":{"rendered":"<p>La Delegaci\u00f3n Municipal de Bah\u00eda San Blas informa que durante las primeras horas de este domingo se realizaron tareas de repaso y mantenimiento del camino a la villa tur\u00edstica. El escurrimiento del agua que dificultaba el tr\u00e1nsito, a causa de las intensas lluvias de los \u00faltimos dias, permiti\u00f3 que el equipo de operarios pudieran trabajar [&hellip;]<\/p>\n","protected":false},"author":4,"featured_media":28702,"comment_status":"closed","ping_status":"closed","sticky":false,"template":"","format":"standard","meta":{"_joinchat":[],"footnotes":""},"categories":[4],"tags":[],"class_list":["post-28701","post","type-post","status-publish","format-standard","has-post-thumbnail","hentry","category-politicas-publicas"],"_links":{"self":[{"href":"https:\/\/www.elpolitologoyelpolitico.com.ar\/wordpress\/wp-json\/wp\/v2\/posts\/28701","targetHints":{"allow":["GET"]}}],"collection":[{"href":"https:\/\/www.elpolitologoyelpolitico.com.ar\/wordpress\/wp-json\/wp\/v2\/posts"}],"about":[{"href":"https:\/\/www.elpolitologoyelpolitico.com.ar\/wordpress\/wp-json\/wp\/v2\/types\/post"}],"author":[{"embeddable":true,"href":"https:\/\/www.elpolitologoyelpolitico.com.ar\/wordpress\/wp-json\/wp\/v2\/users\/4"}],"replies":[{"embeddable":true,"href":"https:\/\/www.elpolitologoyelpolitico.com.ar\/wordpress\/wp-json\/wp\/v2\/comments?post=28701"}],"version-history":[{"count":0,"href":"https:\/\/www.elpolitologoyelpolitico.com.ar\/wordpress\/wp-json\/wp\/v2\/posts\/28701\/revisions"}],"wp:featuredmedia":[{"embeddable":true,"href":"https:\/\/www.elpolitologoyelpolitico.com.ar\/wordpress\/wp-json\/wp\/v2\/media\/28702"}],"wp:attachment":[{"href":"https:\/\/www.elpolitologoyelpolitico.com.ar\/wordpress\/wp-json\/wp\/v2\/media?parent=28701"}],"wp:term":[{"taxonomy":"category","embeddable":true,"href":"https:\/\/www.elpolitologoyelpolitico.com.ar\/wordpress\/wp-json\/wp\/v2\/categories?post=28701"},{"taxonomy":"post_tag","embeddable":true,"href":"https:\/\/www.elpolitologoyelpolitico.com.ar\/wordpress\/wp-json\/wp\/v2\/tags?post=28701"}],"curies":[{"name":"wp","href":"https:\/\/api.w.org\/{rel}","templated":true}]}}