{"id":28657,"date":"2023-02-17T19:35:53","date_gmt":"2023-02-17T19:35:53","guid":{"rendered":"https:\/\/www.elpolitologoyelpolitico.com.ar\/wordpress\/?p=28657"},"modified":"2023-02-17T19:36:23","modified_gmt":"2023-02-17T19:36:23","slug":"el-ipap-extiende-hasta-el-dia-24-de-febrero-el-curso-introductorio-para-ingresantes-2023","status":"publish","type":"post","link":"https:\/\/www.elpolitologoyelpolitico.com.ar\/wordpress\/2023\/02\/17\/el-ipap-extiende-hasta-el-dia-24-de-febrero-el-curso-introductorio-para-ingresantes-2023\/","title":{"rendered":"El IPAP extiende hasta el d\u00eda 24 de febrero el curso introductorio para ingresantes 2023"},"content":{"rendered":"\n<p>El IPAP informa a sus estudiantes que se inscribieron para comenzar a estudiar este a\u00f1o 2023 en el IPAP, que se extiende hasta el d\u00eda 24 de febrero a las 8:00 hs el plazo para realizar el curso introductorio (obligatorio) a trav\u00e9s del campus del IPAP.<\/p>\n\n\n\n<p><strong>Importante para el ingreso a la plataforma colocar:<\/strong><\/p>\n\n\n\n<p><strong>En el Usuario: <\/strong>el n\u00famero de DNI (sin espacios y sin puntos) de la persona inscripta.<\/p>\n\n\n\n<p><strong>En la Contrase\u00f1a: <\/strong>el n\u00famero de DNI (sin espacios y sin puntos) de la persona inscripta.<\/p>\n\n\n\n<p>En el caso de las personas que ya pose\u00edan usuario de la plataforma virtual del IPAP, previo a la inscripci\u00f3n, deber\u00e1n ingresar con su contrase\u00f1a habitual.<\/p>\n\n\n\n<p>Por otro lado, para quienes tienen problemas para acceder al campus, a continuaci\u00f3n le dejamos un instructivo para que puedan recuperar su contrase\u00f1a.<\/p>\n\n\n\n<p>Para otras consultas, podr\u00e1n escribir a: <a href=\"mailto:cursointroductorioipap@gmail.com\">cursointroductorioipap@gmail.com<\/a><\/p>\n<div class=\"fb-background-color\">\n\t\t\t  <div \n\t\t\t  \tclass = \"fb-comments\" \n\t\t\t  \tdata-href = \"https:\/\/www.elpolitologoyelpolitico.com.ar\/wordpress\/2023\/02\/17\/el-ipap-extiende-hasta-el-dia-24-de-febrero-el-curso-introductorio-para-ingresantes-2023\/\"\n\t\t\t  \tdata-numposts = \"10\"\n\t\t\t  \tdata-lazy = \"true\"\n\t\t\t\tdata-colorscheme = \"light\"\n\t\t\t\tdata-order-by = \"social\"\n\t\t\t\tdata-mobile=true>\n\t\t\t  <\/div><\/div>\n\t\t  <style>\n\t\t    .fb-background-color {\n\t\t\t\tbackground: #ffffff !important;\n\t\t\t}\n\t\t\t.fb_iframe_widget_fluid_desktop iframe {\n\t\t\t    width: 100% !important;\n\t\t\t}\n\t\t  <\/style>\n\t\t  ","protected":false},"excerpt":{"rendered":"<p>El IPAP informa a sus estudiantes que se inscribieron para comenzar a estudiar este a\u00f1o 2023 en el IPAP, que se extiende hasta el d\u00eda 24 de febrero a las 8:00 hs el plazo para realizar el curso introductorio (obligatorio) a trav\u00e9s del campus del IPAP. Importante para el ingreso a la plataforma colocar: En [&hellip;]<\/p>\n","protected":false},"author":4,"featured_media":28658,"comment_status":"closed","ping_status":"closed","sticky":false,"template":"","format":"standard","meta":{"_joinchat":[],"footnotes":""},"categories":[4],"tags":[],"class_list":["post-28657","post","type-post","status-publish","format-standard","has-post-thumbnail","hentry","category-politicas-publicas"],"_links":{"self":[{"href":"https:\/\/www.elpolitologoyelpolitico.com.ar\/wordpress\/wp-json\/wp\/v2\/posts\/28657","targetHints":{"allow":["GET"]}}],"collection":[{"href":"https:\/\/www.elpolitologoyelpolitico.com.ar\/wordpress\/wp-json\/wp\/v2\/posts"}],"about":[{"href":"https:\/\/www.elpolitologoyelpolitico.com.ar\/wordpress\/wp-json\/wp\/v2\/types\/post"}],"author":[{"embeddable":true,"href":"https:\/\/www.elpolitologoyelpolitico.com.ar\/wordpress\/wp-json\/wp\/v2\/users\/4"}],"replies":[{"embeddable":true,"href":"https:\/\/www.elpolitologoyelpolitico.com.ar\/wordpress\/wp-json\/wp\/v2\/comments?post=28657"}],"version-history":[{"count":0,"href":"https:\/\/www.elpolitologoyelpolitico.com.ar\/wordpress\/wp-json\/wp\/v2\/posts\/28657\/revisions"}],"wp:featuredmedia":[{"embeddable":true,"href":"https:\/\/www.elpolitologoyelpolitico.com.ar\/wordpress\/wp-json\/wp\/v2\/media\/28658"}],"wp:attachment":[{"href":"https:\/\/www.elpolitologoyelpolitico.com.ar\/wordpress\/wp-json\/wp\/v2\/media?parent=28657"}],"wp:term":[{"taxonomy":"category","embeddable":true,"href":"https:\/\/www.elpolitologoyelpolitico.com.ar\/wordpress\/wp-json\/wp\/v2\/categories?post=28657"},{"taxonomy":"post_tag","embeddable":true,"href":"https:\/\/www.elpolitologoyelpolitico.com.ar\/wordpress\/wp-json\/wp\/v2\/tags?post=28657"}],"curies":[{"name":"wp","href":"https:\/\/api.w.org\/{rel}","templated":true}]}}