{"id":28607,"date":"2023-02-15T02:01:39","date_gmt":"2023-02-15T02:01:39","guid":{"rendered":"https:\/\/www.elpolitologoyelpolitico.com.ar\/wordpress\/?p=28607"},"modified":"2023-02-15T02:02:34","modified_gmt":"2023-02-15T02:02:34","slug":"salud-y-educacion-trabajan-en-conjunto-para-garantizar-la-aplicacion-de-las-vacunas-de-calendario","status":"publish","type":"post","link":"https:\/\/www.elpolitologoyelpolitico.com.ar\/wordpress\/2023\/02\/15\/salud-y-educacion-trabajan-en-conjunto-para-garantizar-la-aplicacion-de-las-vacunas-de-calendario\/","title":{"rendered":"Salud y Educaci\u00f3n trabajan en conjunto para garantizar la aplicaci\u00f3n de las vacunas de calendario"},"content":{"rendered":"\n<p>La Secretar\u00eda de Salud, a trav\u00e9s del \u00e1rea de Programas Sanitarios, en conjunto con la Jefatura Distrital de Educaci\u00f3n acordaron trabajar en conjunto para brindar a todos los estudiantes del Distrito la constancia de vacunaci\u00f3n conforme al calendario nacional.&nbsp;<\/p>\n\n\n\n<p>Para ello -detall\u00f3 la Coordinadora de Programas Sanitarios, Lic. Mabel Guzm\u00e1n, \u00abse ampli\u00f3 el horario de vacunaci\u00f3n en el Partido para poder canalizar toda la demanda de la poblaci\u00f3n, lo que ser\u00e1 replicado en todo el Interior\u00bb.&nbsp;<\/p>\n\n\n\n<p>\u00abC\u00f3mo la mayor cantidad de poblaci\u00f3n est\u00e1 en Carmen de Patagones se decidi\u00f3 que el horario de vacunaci\u00f3n ser\u00e1 en doble turno: de 07.30 a 12.30 y de 15.30 a 20.30\u00bb detall\u00f3.&nbsp;<\/p>\n\n\n\n<p>Asimismo, Guzm\u00e1n aclar\u00f3 que el horario ser\u00e1 por la temporada estival.<\/p>\n\n\n\n<p>Estar\u00e1n disponibles para toda la poblaci\u00f3n las vacunas del calendario, las bivalentes, COVID, etc.<\/p>\n<div class=\"fb-background-color\">\n\t\t\t  <div \n\t\t\t  \tclass = \"fb-comments\" \n\t\t\t  \tdata-href = \"https:\/\/www.elpolitologoyelpolitico.com.ar\/wordpress\/2023\/02\/15\/salud-y-educacion-trabajan-en-conjunto-para-garantizar-la-aplicacion-de-las-vacunas-de-calendario\/\"\n\t\t\t  \tdata-numposts = \"10\"\n\t\t\t  \tdata-lazy = \"true\"\n\t\t\t\tdata-colorscheme = \"light\"\n\t\t\t\tdata-order-by = \"social\"\n\t\t\t\tdata-mobile=true>\n\t\t\t  <\/div><\/div>\n\t\t  <style>\n\t\t    .fb-background-color {\n\t\t\t\tbackground: #ffffff !important;\n\t\t\t}\n\t\t\t.fb_iframe_widget_fluid_desktop iframe {\n\t\t\t    width: 100% !important;\n\t\t\t}\n\t\t  <\/style>\n\t\t  ","protected":false},"excerpt":{"rendered":"<p>La Secretar\u00eda de Salud, a trav\u00e9s del \u00e1rea de Programas Sanitarios, en conjunto con la Jefatura Distrital de Educaci\u00f3n acordaron trabajar en conjunto para brindar a todos los estudiantes del Distrito la constancia de vacunaci\u00f3n conforme al calendario nacional.&nbsp; Para ello -detall\u00f3 la Coordinadora de Programas Sanitarios, Lic. Mabel Guzm\u00e1n, \u00abse ampli\u00f3 el horario de [&hellip;]<\/p>\n","protected":false},"author":4,"featured_media":28608,"comment_status":"closed","ping_status":"closed","sticky":false,"template":"","format":"standard","meta":{"_joinchat":[],"footnotes":""},"categories":[4],"tags":[],"class_list":["post-28607","post","type-post","status-publish","format-standard","has-post-thumbnail","hentry","category-politicas-publicas"],"_links":{"self":[{"href":"https:\/\/www.elpolitologoyelpolitico.com.ar\/wordpress\/wp-json\/wp\/v2\/posts\/28607","targetHints":{"allow":["GET"]}}],"collection":[{"href":"https:\/\/www.elpolitologoyelpolitico.com.ar\/wordpress\/wp-json\/wp\/v2\/posts"}],"about":[{"href":"https:\/\/www.elpolitologoyelpolitico.com.ar\/wordpress\/wp-json\/wp\/v2\/types\/post"}],"author":[{"embeddable":true,"href":"https:\/\/www.elpolitologoyelpolitico.com.ar\/wordpress\/wp-json\/wp\/v2\/users\/4"}],"replies":[{"embeddable":true,"href":"https:\/\/www.elpolitologoyelpolitico.com.ar\/wordpress\/wp-json\/wp\/v2\/comments?post=28607"}],"version-history":[{"count":0,"href":"https:\/\/www.elpolitologoyelpolitico.com.ar\/wordpress\/wp-json\/wp\/v2\/posts\/28607\/revisions"}],"wp:featuredmedia":[{"embeddable":true,"href":"https:\/\/www.elpolitologoyelpolitico.com.ar\/wordpress\/wp-json\/wp\/v2\/media\/28608"}],"wp:attachment":[{"href":"https:\/\/www.elpolitologoyelpolitico.com.ar\/wordpress\/wp-json\/wp\/v2\/media?parent=28607"}],"wp:term":[{"taxonomy":"category","embeddable":true,"href":"https:\/\/www.elpolitologoyelpolitico.com.ar\/wordpress\/wp-json\/wp\/v2\/categories?post=28607"},{"taxonomy":"post_tag","embeddable":true,"href":"https:\/\/www.elpolitologoyelpolitico.com.ar\/wordpress\/wp-json\/wp\/v2\/tags?post=28607"}],"curies":[{"name":"wp","href":"https:\/\/api.w.org\/{rel}","templated":true}]}}