{"id":28590,"date":"2023-02-13T21:26:53","date_gmt":"2023-02-13T21:26:53","guid":{"rendered":"https:\/\/www.elpolitologoyelpolitico.com.ar\/wordpress\/?p=28590"},"modified":"2023-02-13T21:29:06","modified_gmt":"2023-02-13T21:29:06","slug":"sigue-el-refuerzo-de-fumigacion-en-carmen-de-patagones","status":"publish","type":"post","link":"https:\/\/www.elpolitologoyelpolitico.com.ar\/wordpress\/2023\/02\/13\/sigue-el-refuerzo-de-fumigacion-en-carmen-de-patagones\/","title":{"rendered":"Sigue el refuerzo de Fumigaci\u00f3n en Carmen de Patagones"},"content":{"rendered":"\n<p>La Secretar\u00eda de Salud, a trav\u00e9s del \u00e1rea de Zoonosis, informa a la comunidad que contin\u00faan las tareas de refuerzo de la fumigaci\u00f3n en el marco del operativo iniciado en el mes de enero.&nbsp;<\/p>\n\n\n\n<p>Hoy, lunes, se reforzar\u00e1 el procedimiento ya realizado en algunos sectores de Carmen de Patagones.&nbsp;<\/p>\n\n\n\n<p>En ese marco, a partir de las 00 y hasta las 06 horas del martes,&nbsp; se trabajar\u00e1 en los barrios Villa Lynch, Jorge, Luj\u00e1n, 150 Viviendas, El Progreso, Parque Industrial, barrio Ferrocarril, Procrear, barrios Villa Dolores, Morando, Villa Rita y La Loma.&nbsp;<\/p>\n\n\n\n<p>Por inconvenientes con el personal, se reitera el pedido de colaboraci\u00f3n a la comunidad evitando la circulaci\u00f3n o permanencia en la zona, ya que, si bien el material de fumigaci\u00f3n no representa un riesgo para la salud de las personas o mascotas, es recomendable que durante el procedimiento y hasta media hora despu\u00e9s, permanezcan a resguardo en las viviendas.<\/p>\n\n\n\n<p>Es importante se\u00f1alar que el refuerzo es en respuesta al pedido de los vecinos por lo que se espera la solidaridad y el respeto a quienes est\u00e1n realizando su trabajo, acatando las sugerencias de los mismos que son \u2013principalmente- para garantizar el bienestar de todos.<\/p>\n<div class=\"fb-background-color\">\n\t\t\t  <div \n\t\t\t  \tclass = \"fb-comments\" \n\t\t\t  \tdata-href = \"https:\/\/www.elpolitologoyelpolitico.com.ar\/wordpress\/2023\/02\/13\/sigue-el-refuerzo-de-fumigacion-en-carmen-de-patagones\/\"\n\t\t\t  \tdata-numposts = \"10\"\n\t\t\t  \tdata-lazy = \"true\"\n\t\t\t\tdata-colorscheme = \"light\"\n\t\t\t\tdata-order-by = \"social\"\n\t\t\t\tdata-mobile=true>\n\t\t\t  <\/div><\/div>\n\t\t  <style>\n\t\t    .fb-background-color {\n\t\t\t\tbackground: #ffffff !important;\n\t\t\t}\n\t\t\t.fb_iframe_widget_fluid_desktop iframe {\n\t\t\t    width: 100% !important;\n\t\t\t}\n\t\t  <\/style>\n\t\t  ","protected":false},"excerpt":{"rendered":"<p>La Secretar\u00eda de Salud, a trav\u00e9s del \u00e1rea de Zoonosis, informa a la comunidad que contin\u00faan las tareas de refuerzo de la fumigaci\u00f3n en el marco del operativo iniciado en el mes de enero.&nbsp; Hoy, lunes, se reforzar\u00e1 el procedimiento ya realizado en algunos sectores de Carmen de Patagones.&nbsp; En ese marco, a partir de [&hellip;]<\/p>\n","protected":false},"author":4,"featured_media":28591,"comment_status":"closed","ping_status":"closed","sticky":false,"template":"","format":"standard","meta":{"_joinchat":[],"footnotes":""},"categories":[4],"tags":[],"class_list":["post-28590","post","type-post","status-publish","format-standard","has-post-thumbnail","hentry","category-politicas-publicas"],"_links":{"self":[{"href":"https:\/\/www.elpolitologoyelpolitico.com.ar\/wordpress\/wp-json\/wp\/v2\/posts\/28590","targetHints":{"allow":["GET"]}}],"collection":[{"href":"https:\/\/www.elpolitologoyelpolitico.com.ar\/wordpress\/wp-json\/wp\/v2\/posts"}],"about":[{"href":"https:\/\/www.elpolitologoyelpolitico.com.ar\/wordpress\/wp-json\/wp\/v2\/types\/post"}],"author":[{"embeddable":true,"href":"https:\/\/www.elpolitologoyelpolitico.com.ar\/wordpress\/wp-json\/wp\/v2\/users\/4"}],"replies":[{"embeddable":true,"href":"https:\/\/www.elpolitologoyelpolitico.com.ar\/wordpress\/wp-json\/wp\/v2\/comments?post=28590"}],"version-history":[{"count":0,"href":"https:\/\/www.elpolitologoyelpolitico.com.ar\/wordpress\/wp-json\/wp\/v2\/posts\/28590\/revisions"}],"wp:featuredmedia":[{"embeddable":true,"href":"https:\/\/www.elpolitologoyelpolitico.com.ar\/wordpress\/wp-json\/wp\/v2\/media\/28591"}],"wp:attachment":[{"href":"https:\/\/www.elpolitologoyelpolitico.com.ar\/wordpress\/wp-json\/wp\/v2\/media?parent=28590"}],"wp:term":[{"taxonomy":"category","embeddable":true,"href":"https:\/\/www.elpolitologoyelpolitico.com.ar\/wordpress\/wp-json\/wp\/v2\/categories?post=28590"},{"taxonomy":"post_tag","embeddable":true,"href":"https:\/\/www.elpolitologoyelpolitico.com.ar\/wordpress\/wp-json\/wp\/v2\/tags?post=28590"}],"curies":[{"name":"wp","href":"https:\/\/api.w.org\/{rel}","templated":true}]}}