{"id":28580,"date":"2023-02-13T19:42:36","date_gmt":"2023-02-13T19:42:36","guid":{"rendered":"https:\/\/www.elpolitologoyelpolitico.com.ar\/wordpress\/?p=28580"},"modified":"2023-02-13T19:44:07","modified_gmt":"2023-02-13T19:44:07","slug":"patagones-el-fdt-pidio-nuevamente-la-limpieza-de-pastizales-en-el-interior-del-distrito","status":"publish","type":"post","link":"https:\/\/www.elpolitologoyelpolitico.com.ar\/wordpress\/2023\/02\/13\/patagones-el-fdt-pidio-nuevamente-la-limpieza-de-pastizales-en-el-interior-del-distrito\/","title":{"rendered":"PATAGONES: El FDT pidi\u00f3 nuevamente la limpieza de pastizales en el interior del distrito."},"content":{"rendered":"\n<p>En esta oportunidad haci\u00e9ndo incapie en la localidad de Bahia San Blas,&nbsp; pero extensivo al resto del distrito.<\/p>\n\n\n\n<p>Ante la proliferaci\u00f3n de insectos,alima\u00f1as y roedores se solicita la urgente fumigacion y desmalezamiento, adem\u00e1s que en la localidad de Bah\u00eda San Blas es imposible ver en las esquinas si viene otro veh\u00edculo por el tama\u00f1o de la maleza, pudiendo esto ocasionar graves accidentes, al mismo tiempo&nbsp; evitar a trav\u00e9s de la prevenci\u00f3n que se produzcan incendios debido a las reiteradas tormentas el\u00e9ctricas de verano que se est\u00e1n sucediendo en la zona.<\/p>\n\n\n\n<p>Por \u00faltimo los integrantes del bloque de Concejales del Frente de Todos de Patagones, tambi\u00e9n solicitaron al Ejecutivo Municipal, la actualizaci\u00f3n de la se\u00f1aletica en general, retirando las cubiertas que hacen las veces de cartelerias y poniendo carteles de se\u00f1alizado, acorde a nuestro siglo.<\/p>\n\n\n\n<figure class=\"wp-block-gallery has-nested-images columns-default is-cropped wp-block-gallery-1 is-layout-flex wp-block-gallery-is-layout-flex\">\n<figure class=\"wp-block-image size-large\"><img fetchpriority=\"high\" decoding=\"async\" width=\"1006\" height=\"1024\" data-id=\"28582\" src=\"https:\/\/www.elpolitologoyelpolitico.com.ar\/wp-content\/uploads\/2023\/02\/IMG-20230213-WA0015-1006x1024.jpg\" alt=\"\" class=\"wp-image-28582\" srcset=\"https:\/\/www.elpolitologoyelpolitico.com.ar\/wp-content\/uploads\/2023\/02\/IMG-20230213-WA0015-1006x1024.jpg 1006w, https:\/\/www.elpolitologoyelpolitico.com.ar\/wp-content\/uploads\/2023\/02\/IMG-20230213-WA0015-295x300.jpg 295w, https:\/\/www.elpolitologoyelpolitico.com.ar\/wp-content\/uploads\/2023\/02\/IMG-20230213-WA0015-768x782.jpg 768w, https:\/\/www.elpolitologoyelpolitico.com.ar\/wp-content\/uploads\/2023\/02\/IMG-20230213-WA0015.jpg 1200w\" sizes=\"(max-width: 1006px) 100vw, 1006px\" \/><\/figure>\n\n\n\n<figure class=\"wp-block-image size-large\"><img decoding=\"async\" width=\"1024\" height=\"970\" data-id=\"28583\" src=\"https:\/\/www.elpolitologoyelpolitico.com.ar\/wp-content\/uploads\/2023\/02\/IMG-20230213-WA0013-1024x970.jpg\" alt=\"\" class=\"wp-image-28583\" srcset=\"https:\/\/www.elpolitologoyelpolitico.com.ar\/wp-content\/uploads\/2023\/02\/IMG-20230213-WA0013-1024x970.jpg 1024w, https:\/\/www.elpolitologoyelpolitico.com.ar\/wp-content\/uploads\/2023\/02\/IMG-20230213-WA0013-300x284.jpg 300w, https:\/\/www.elpolitologoyelpolitico.com.ar\/wp-content\/uploads\/2023\/02\/IMG-20230213-WA0013-768x728.jpg 768w, https:\/\/www.elpolitologoyelpolitico.com.ar\/wp-content\/uploads\/2023\/02\/IMG-20230213-WA0013.jpg 1200w\" sizes=\"(max-width: 1024px) 100vw, 1024px\" \/><\/figure>\n<\/figure>\n<div class=\"fb-background-color\">\n\t\t\t  <div \n\t\t\t  \tclass = \"fb-comments\" \n\t\t\t  \tdata-href = \"https:\/\/www.elpolitologoyelpolitico.com.ar\/wordpress\/2023\/02\/13\/patagones-el-fdt-pidio-nuevamente-la-limpieza-de-pastizales-en-el-interior-del-distrito\/\"\n\t\t\t  \tdata-numposts = \"10\"\n\t\t\t  \tdata-lazy = \"true\"\n\t\t\t\tdata-colorscheme = \"light\"\n\t\t\t\tdata-order-by = \"social\"\n\t\t\t\tdata-mobile=true>\n\t\t\t  <\/div><\/div>\n\t\t  <style>\n\t\t    .fb-background-color {\n\t\t\t\tbackground: #ffffff !important;\n\t\t\t}\n\t\t\t.fb_iframe_widget_fluid_desktop iframe {\n\t\t\t    width: 100% !important;\n\t\t\t}\n\t\t  <\/style>\n\t\t  ","protected":false},"excerpt":{"rendered":"<p>En esta oportunidad haci\u00e9ndo incapie en la localidad de Bahia San Blas,&nbsp; pero extensivo al resto del distrito. Ante la proliferaci\u00f3n de insectos,alima\u00f1as y roedores se solicita la urgente fumigacion y desmalezamiento, adem\u00e1s que en la localidad de Bah\u00eda San Blas es imposible ver en las esquinas si viene otro veh\u00edculo por el tama\u00f1o de [&hellip;]<\/p>\n","protected":false},"author":4,"featured_media":28581,"comment_status":"closed","ping_status":"closed","sticky":false,"template":"","format":"standard","meta":{"_joinchat":[],"footnotes":""},"categories":[4],"tags":[],"class_list":["post-28580","post","type-post","status-publish","format-standard","has-post-thumbnail","hentry","category-politicas-publicas"],"_links":{"self":[{"href":"https:\/\/www.elpolitologoyelpolitico.com.ar\/wordpress\/wp-json\/wp\/v2\/posts\/28580","targetHints":{"allow":["GET"]}}],"collection":[{"href":"https:\/\/www.elpolitologoyelpolitico.com.ar\/wordpress\/wp-json\/wp\/v2\/posts"}],"about":[{"href":"https:\/\/www.elpolitologoyelpolitico.com.ar\/wordpress\/wp-json\/wp\/v2\/types\/post"}],"author":[{"embeddable":true,"href":"https:\/\/www.elpolitologoyelpolitico.com.ar\/wordpress\/wp-json\/wp\/v2\/users\/4"}],"replies":[{"embeddable":true,"href":"https:\/\/www.elpolitologoyelpolitico.com.ar\/wordpress\/wp-json\/wp\/v2\/comments?post=28580"}],"version-history":[{"count":0,"href":"https:\/\/www.elpolitologoyelpolitico.com.ar\/wordpress\/wp-json\/wp\/v2\/posts\/28580\/revisions"}],"wp:featuredmedia":[{"embeddable":true,"href":"https:\/\/www.elpolitologoyelpolitico.com.ar\/wordpress\/wp-json\/wp\/v2\/media\/28581"}],"wp:attachment":[{"href":"https:\/\/www.elpolitologoyelpolitico.com.ar\/wordpress\/wp-json\/wp\/v2\/media?parent=28580"}],"wp:term":[{"taxonomy":"category","embeddable":true,"href":"https:\/\/www.elpolitologoyelpolitico.com.ar\/wordpress\/wp-json\/wp\/v2\/categories?post=28580"},{"taxonomy":"post_tag","embeddable":true,"href":"https:\/\/www.elpolitologoyelpolitico.com.ar\/wordpress\/wp-json\/wp\/v2\/tags?post=28580"}],"curies":[{"name":"wp","href":"https:\/\/api.w.org\/{rel}","templated":true}]}}