{"id":28466,"date":"2023-02-08T23:57:13","date_gmt":"2023-02-08T23:57:13","guid":{"rendered":"https:\/\/www.elpolitologoyelpolitico.com.ar\/wordpress\/?p=28466"},"modified":"2023-02-08T23:58:28","modified_gmt":"2023-02-08T23:58:28","slug":"comienzan-las-inscripciones-para-las-clases-de-natacion-en-carmen-de-patagones","status":"publish","type":"post","link":"https:\/\/www.elpolitologoyelpolitico.com.ar\/wordpress\/2023\/02\/08\/comienzan-las-inscripciones-para-las-clases-de-natacion-en-carmen-de-patagones\/","title":{"rendered":"Comienzan las inscripciones para las clases de nataci\u00f3n en Carmen de Patagones"},"content":{"rendered":"\n<p>La Direcci\u00f3n de Deportes informa que, a partir del pr\u00f3ximo 25 de febrero, inician las inscripciones para las clases de nataci\u00f3n, que se dictan durante el a\u00f1o en el Natatorio ubicado en el Club Atenas.&nbsp;<\/p>\n\n\n\n<p>Se realizar\u00e1n en el Polideportivo Municipal, ubicado en la calle Celedonio Miguel 593 y para una mejor atenci\u00f3n y recepci\u00f3n de las mismas, se fijaron distintos d\u00edas y horarios, de acuerdo a los grupos et\u00e1reos.&nbsp;<\/p>\n\n\n\n<p>En ese sentido, se informa que el s\u00e1bado 25 de febrero, de 08 a 12 horas, la recepci\u00f3n ser\u00e1 para las clases destinadas a los adultos mayores de m\u00e1s de 60.&nbsp;<\/p>\n\n\n\n<p>En tanto, el mismo d\u00eda en el horario de 17 a 22, se tomar\u00e1n las inscripciones de los grupos de 6 a 12 a\u00f1os y de 13 a 18.&nbsp;<\/p>\n\n\n\n<p>El domingo 26 de febrero, de 8 a 12 horas, ser\u00e1n las inscripciones de adultos de entre 18 y 60 a\u00f1os.&nbsp;<\/p>\n\n\n\n<p>Es importante se\u00f1alar que el registro solo se realizar\u00e1 en las fechas informadas y los interesados deben concurrir personalmente, con su Documento Nacional de Identidad en mano.<\/p>\n\n\n\n<figure class=\"wp-block-image size-large\"><img fetchpriority=\"high\" decoding=\"async\" width=\"724\" height=\"1024\" src=\"https:\/\/www.elpolitologoyelpolitico.com.ar\/wp-content\/uploads\/2023\/02\/IMG-20230208-WA0018-724x1024.jpg\" alt=\"\" class=\"wp-image-28468\" srcset=\"https:\/\/www.elpolitologoyelpolitico.com.ar\/wp-content\/uploads\/2023\/02\/IMG-20230208-WA0018-724x1024.jpg 724w, https:\/\/www.elpolitologoyelpolitico.com.ar\/wp-content\/uploads\/2023\/02\/IMG-20230208-WA0018-212x300.jpg 212w, https:\/\/www.elpolitologoyelpolitico.com.ar\/wp-content\/uploads\/2023\/02\/IMG-20230208-WA0018-768x1086.jpg 768w, https:\/\/www.elpolitologoyelpolitico.com.ar\/wp-content\/uploads\/2023\/02\/IMG-20230208-WA0018-1086x1536.jpg 1086w, https:\/\/www.elpolitologoyelpolitico.com.ar\/wp-content\/uploads\/2023\/02\/IMG-20230208-WA0018.jpg 1131w\" sizes=\"(max-width: 724px) 100vw, 724px\" \/><\/figure>\n\n\n\n<p><\/p>\n<div class=\"fb-background-color\">\n\t\t\t  <div \n\t\t\t  \tclass = \"fb-comments\" \n\t\t\t  \tdata-href = \"https:\/\/www.elpolitologoyelpolitico.com.ar\/wordpress\/2023\/02\/08\/comienzan-las-inscripciones-para-las-clases-de-natacion-en-carmen-de-patagones\/\"\n\t\t\t  \tdata-numposts = \"10\"\n\t\t\t  \tdata-lazy = \"true\"\n\t\t\t\tdata-colorscheme = \"light\"\n\t\t\t\tdata-order-by = \"social\"\n\t\t\t\tdata-mobile=true>\n\t\t\t  <\/div><\/div>\n\t\t  <style>\n\t\t    .fb-background-color {\n\t\t\t\tbackground: #ffffff !important;\n\t\t\t}\n\t\t\t.fb_iframe_widget_fluid_desktop iframe {\n\t\t\t    width: 100% !important;\n\t\t\t}\n\t\t  <\/style>\n\t\t  ","protected":false},"excerpt":{"rendered":"<p>La Direcci\u00f3n de Deportes informa que, a partir del pr\u00f3ximo 25 de febrero, inician las inscripciones para las clases de nataci\u00f3n, que se dictan durante el a\u00f1o en el Natatorio ubicado en el Club Atenas.&nbsp; Se realizar\u00e1n en el Polideportivo Municipal, ubicado en la calle Celedonio Miguel 593 y para una mejor atenci\u00f3n y recepci\u00f3n [&hellip;]<\/p>\n","protected":false},"author":4,"featured_media":28467,"comment_status":"closed","ping_status":"closed","sticky":false,"template":"","format":"standard","meta":{"_joinchat":[],"footnotes":""},"categories":[4],"tags":[],"class_list":["post-28466","post","type-post","status-publish","format-standard","has-post-thumbnail","hentry","category-politicas-publicas"],"_links":{"self":[{"href":"https:\/\/www.elpolitologoyelpolitico.com.ar\/wordpress\/wp-json\/wp\/v2\/posts\/28466","targetHints":{"allow":["GET"]}}],"collection":[{"href":"https:\/\/www.elpolitologoyelpolitico.com.ar\/wordpress\/wp-json\/wp\/v2\/posts"}],"about":[{"href":"https:\/\/www.elpolitologoyelpolitico.com.ar\/wordpress\/wp-json\/wp\/v2\/types\/post"}],"author":[{"embeddable":true,"href":"https:\/\/www.elpolitologoyelpolitico.com.ar\/wordpress\/wp-json\/wp\/v2\/users\/4"}],"replies":[{"embeddable":true,"href":"https:\/\/www.elpolitologoyelpolitico.com.ar\/wordpress\/wp-json\/wp\/v2\/comments?post=28466"}],"version-history":[{"count":0,"href":"https:\/\/www.elpolitologoyelpolitico.com.ar\/wordpress\/wp-json\/wp\/v2\/posts\/28466\/revisions"}],"wp:featuredmedia":[{"embeddable":true,"href":"https:\/\/www.elpolitologoyelpolitico.com.ar\/wordpress\/wp-json\/wp\/v2\/media\/28467"}],"wp:attachment":[{"href":"https:\/\/www.elpolitologoyelpolitico.com.ar\/wordpress\/wp-json\/wp\/v2\/media?parent=28466"}],"wp:term":[{"taxonomy":"category","embeddable":true,"href":"https:\/\/www.elpolitologoyelpolitico.com.ar\/wordpress\/wp-json\/wp\/v2\/categories?post=28466"},{"taxonomy":"post_tag","embeddable":true,"href":"https:\/\/www.elpolitologoyelpolitico.com.ar\/wordpress\/wp-json\/wp\/v2\/tags?post=28466"}],"curies":[{"name":"wp","href":"https:\/\/api.w.org\/{rel}","templated":true}]}}