{"id":28458,"date":"2023-02-08T21:47:08","date_gmt":"2023-02-08T21:47:08","guid":{"rendered":"https:\/\/www.elpolitologoyelpolitico.com.ar\/wordpress\/?p=28458"},"modified":"2023-02-08T21:48:20","modified_gmt":"2023-02-08T21:48:20","slug":"el-gobierno-bonaerense-gestionara-nuevamente-escrituras-para-familias-de-patagones","status":"publish","type":"post","link":"https:\/\/www.elpolitologoyelpolitico.com.ar\/wordpress\/2023\/02\/08\/el-gobierno-bonaerense-gestionara-nuevamente-escrituras-para-familias-de-patagones\/","title":{"rendered":"El Gobierno Bonaerense gestionar\u00e1 nuevamente escrituras para familias de Patagones"},"content":{"rendered":"\n<p>El Bloque de concejales del Frente de Todos, informa que el&nbsp;en el marco del programa \u201cMi escritura, mi casa\u201d implementado por el gobierno de la provincia de Buenos Aires,&nbsp;el proximo Martes&nbsp;&nbsp;firmar\u00e1n sus t\u00edtulos de propiedad diferentes familias de Patagones .<\/p>\n\n\n\n<p>La jornada de escrituraci\u00f3n se realizar\u00e1 en el Centro de Jubilados de Patagones, donde las familias beneficiarias deber\u00e1n asistir con DNI, fotocopia del DNI y CUIL, sentencia de divorcio y poder (en caso de ser necesario).<\/p>\n\n\n\n<p>El plan \u201cMi escritura, mi casa\u201d implementado a principios del a\u00f1o 2020 por decisi\u00f3n del Gobernador de la Provincia de Buenos Aires Axel Kicillof, se lleva adelante a trav\u00e9s de la Escriban\u00eda General de Gobierno, dependiente del Ministerio de Justicia y Derechos Humanos y en v\u00ednculo directo con los 135 municipios de la provincia.<\/p>\n\n\n\n<p>Al respecto el gobernador Kicillof afirm\u00f3 que \u201cEstamos brindando derechos a miles de bonaerenses que podr\u00e1n, a partir de contar con su t\u00edtulo de propiedad, tener tranquilidad sobre su bien m\u00e1s preciado, adem\u00e1s de acceder a un cr\u00e9dito \u00f3 incluso dejar su vivienda como legado\u201d.<\/p>\n\n\n\n<p>Con este programa, el Estado provincial tiene como objetivo garantizar a aquellas familias bonaerenses de menores recursos, la posibilidad de titularizar su vivienda, facilitando el acceso a ese derecho universal. Para acceder a este beneficio el inmueble a escriturar debe ser vivienda \u00fanica y de ocupaci\u00f3n permanente, su valuaci\u00f3n fiscal no debe superar los $1.731.000 \u00f3 si es un terreno que sea igual \u00f3 menor a $855.800 y el&nbsp; tr\u00e1mite debe ser declarado de inter\u00e9s social.<\/p>\n<div class=\"fb-background-color\">\n\t\t\t  <div \n\t\t\t  \tclass = \"fb-comments\" \n\t\t\t  \tdata-href = \"https:\/\/www.elpolitologoyelpolitico.com.ar\/wordpress\/2023\/02\/08\/el-gobierno-bonaerense-gestionara-nuevamente-escrituras-para-familias-de-patagones\/\"\n\t\t\t  \tdata-numposts = \"10\"\n\t\t\t  \tdata-lazy = \"true\"\n\t\t\t\tdata-colorscheme = \"light\"\n\t\t\t\tdata-order-by = \"social\"\n\t\t\t\tdata-mobile=true>\n\t\t\t  <\/div><\/div>\n\t\t  <style>\n\t\t    .fb-background-color {\n\t\t\t\tbackground: #ffffff !important;\n\t\t\t}\n\t\t\t.fb_iframe_widget_fluid_desktop iframe {\n\t\t\t    width: 100% !important;\n\t\t\t}\n\t\t  <\/style>\n\t\t  ","protected":false},"excerpt":{"rendered":"<p>El Bloque de concejales del Frente de Todos, informa que el&nbsp;en el marco del programa \u201cMi escritura, mi casa\u201d implementado por el gobierno de la provincia de Buenos Aires,&nbsp;el proximo Martes&nbsp;&nbsp;firmar\u00e1n sus t\u00edtulos de propiedad diferentes familias de Patagones . La jornada de escrituraci\u00f3n se realizar\u00e1 en el Centro de Jubilados de Patagones, donde las [&hellip;]<\/p>\n","protected":false},"author":4,"featured_media":28459,"comment_status":"closed","ping_status":"closed","sticky":false,"template":"","format":"standard","meta":{"_joinchat":[],"footnotes":""},"categories":[4],"tags":[],"class_list":["post-28458","post","type-post","status-publish","format-standard","has-post-thumbnail","hentry","category-politicas-publicas"],"_links":{"self":[{"href":"https:\/\/www.elpolitologoyelpolitico.com.ar\/wordpress\/wp-json\/wp\/v2\/posts\/28458","targetHints":{"allow":["GET"]}}],"collection":[{"href":"https:\/\/www.elpolitologoyelpolitico.com.ar\/wordpress\/wp-json\/wp\/v2\/posts"}],"about":[{"href":"https:\/\/www.elpolitologoyelpolitico.com.ar\/wordpress\/wp-json\/wp\/v2\/types\/post"}],"author":[{"embeddable":true,"href":"https:\/\/www.elpolitologoyelpolitico.com.ar\/wordpress\/wp-json\/wp\/v2\/users\/4"}],"replies":[{"embeddable":true,"href":"https:\/\/www.elpolitologoyelpolitico.com.ar\/wordpress\/wp-json\/wp\/v2\/comments?post=28458"}],"version-history":[{"count":0,"href":"https:\/\/www.elpolitologoyelpolitico.com.ar\/wordpress\/wp-json\/wp\/v2\/posts\/28458\/revisions"}],"wp:featuredmedia":[{"embeddable":true,"href":"https:\/\/www.elpolitologoyelpolitico.com.ar\/wordpress\/wp-json\/wp\/v2\/media\/28459"}],"wp:attachment":[{"href":"https:\/\/www.elpolitologoyelpolitico.com.ar\/wordpress\/wp-json\/wp\/v2\/media?parent=28458"}],"wp:term":[{"taxonomy":"category","embeddable":true,"href":"https:\/\/www.elpolitologoyelpolitico.com.ar\/wordpress\/wp-json\/wp\/v2\/categories?post=28458"},{"taxonomy":"post_tag","embeddable":true,"href":"https:\/\/www.elpolitologoyelpolitico.com.ar\/wordpress\/wp-json\/wp\/v2\/tags?post=28458"}],"curies":[{"name":"wp","href":"https:\/\/api.w.org\/{rel}","templated":true}]}}