{"id":28393,"date":"2023-02-07T15:24:51","date_gmt":"2023-02-07T15:24:51","guid":{"rendered":"https:\/\/www.elpolitologoyelpolitico.com.ar\/wordpress\/?p=28393"},"modified":"2023-02-07T15:26:08","modified_gmt":"2023-02-07T15:26:08","slug":"entregaron-en-viedma-877-tablets-del-programa-conectando-con-vos","status":"publish","type":"post","link":"https:\/\/www.elpolitologoyelpolitico.com.ar\/wordpress\/2023\/02\/07\/entregaron-en-viedma-877-tablets-del-programa-conectando-con-vos\/","title":{"rendered":"Entregaron en Viedma 877 tablets del programa \u00abConectando con vos>>"},"content":{"rendered":"\n<p>El intendente Pedro Pesatti, junto a las autoridades del ENACOM, encabez\u00f3 este lunes el acto de entrega de 877 tablet a adultos mayores de Viedma en el marco del programa \u00abConectando con vos\u00bb.<\/p>\n\n\n\n<p>El jefe comunal agradeci\u00f3 a Sergio Massa \u00abla decisi\u00f3n de darnos una mano para que Viedma forme parte de este programa\u00bb y enfatiz\u00f3 que \u00abgracias a este querido amigo pude lograr que el ENACOM destine estas tablet a Viedma, en un gesto que le agradezco con todo mi coraz\u00f3n\u00bb.<\/p>\n\n\n\n<p>En la misma direcci\u00f3n, el intendente Pesatti destac\u00f3 que \u00ablas tablet representan much\u00edsimo para quienes son a partir de hoy sus depositarios porque es la posibilidad concreta de conectarse a Internet para poder ejercer el derecho a la informaci\u00f3n, independientemente de todas las prestaciones que una tablet tiene\u00bb.<\/p>\n\n\n\n<p>Desde la comuna de Viedma indicaron que la inversi\u00f3n p\u00fablica asciende, aproximadamente, a cincuenta millones de pesos y que todo el proceso administrativo de adjudicaci\u00f3n lo hizo directamente el ENACOM a trav\u00e9s de sus sistemas luego de la preinscripci\u00f3n que llev\u00f3 a cabo el municipio.<\/p>\n\n\n\n<p>\u00abConfiamos que en el correr del a\u00f1o recibiremos m\u00e1s tablet\u00bb, dijo por \u00faltimo el intendente Pedro Pesatti.<\/p>\n\n\n\n<figure class=\"wp-block-image size-full\"><img fetchpriority=\"high\" decoding=\"async\" width=\"720\" height=\"492\" src=\"https:\/\/www.elpolitologoyelpolitico.com.ar\/wp-content\/uploads\/2023\/02\/IMG-20230207-WA0003.jpg\" alt=\"\" class=\"wp-image-28395\" srcset=\"https:\/\/www.elpolitologoyelpolitico.com.ar\/wp-content\/uploads\/2023\/02\/IMG-20230207-WA0003.jpg 720w, https:\/\/www.elpolitologoyelpolitico.com.ar\/wp-content\/uploads\/2023\/02\/IMG-20230207-WA0003-300x205.jpg 300w\" sizes=\"(max-width: 720px) 100vw, 720px\" \/><\/figure>\n<div class=\"fb-background-color\">\n\t\t\t  <div \n\t\t\t  \tclass = \"fb-comments\" \n\t\t\t  \tdata-href = \"https:\/\/www.elpolitologoyelpolitico.com.ar\/wordpress\/2023\/02\/07\/entregaron-en-viedma-877-tablets-del-programa-conectando-con-vos\/\"\n\t\t\t  \tdata-numposts = \"10\"\n\t\t\t  \tdata-lazy = \"true\"\n\t\t\t\tdata-colorscheme = \"light\"\n\t\t\t\tdata-order-by = \"social\"\n\t\t\t\tdata-mobile=true>\n\t\t\t  <\/div><\/div>\n\t\t  <style>\n\t\t    .fb-background-color {\n\t\t\t\tbackground: #ffffff !important;\n\t\t\t}\n\t\t\t.fb_iframe_widget_fluid_desktop iframe {\n\t\t\t    width: 100% !important;\n\t\t\t}\n\t\t  <\/style>\n\t\t  ","protected":false},"excerpt":{"rendered":"<p>El intendente Pedro Pesatti, junto a las autoridades del ENACOM, encabez\u00f3 este lunes el acto de entrega de 877 tablet a adultos mayores de Viedma en el marco del programa \u00abConectando con vos\u00bb. El jefe comunal agradeci\u00f3 a Sergio Massa \u00abla decisi\u00f3n de darnos una mano para que Viedma forme parte de este programa\u00bb y [&hellip;]<\/p>\n","protected":false},"author":4,"featured_media":28394,"comment_status":"closed","ping_status":"closed","sticky":false,"template":"","format":"standard","meta":{"_joinchat":[],"footnotes":""},"categories":[4],"tags":[],"class_list":["post-28393","post","type-post","status-publish","format-standard","has-post-thumbnail","hentry","category-politicas-publicas"],"_links":{"self":[{"href":"https:\/\/www.elpolitologoyelpolitico.com.ar\/wordpress\/wp-json\/wp\/v2\/posts\/28393","targetHints":{"allow":["GET"]}}],"collection":[{"href":"https:\/\/www.elpolitologoyelpolitico.com.ar\/wordpress\/wp-json\/wp\/v2\/posts"}],"about":[{"href":"https:\/\/www.elpolitologoyelpolitico.com.ar\/wordpress\/wp-json\/wp\/v2\/types\/post"}],"author":[{"embeddable":true,"href":"https:\/\/www.elpolitologoyelpolitico.com.ar\/wordpress\/wp-json\/wp\/v2\/users\/4"}],"replies":[{"embeddable":true,"href":"https:\/\/www.elpolitologoyelpolitico.com.ar\/wordpress\/wp-json\/wp\/v2\/comments?post=28393"}],"version-history":[{"count":0,"href":"https:\/\/www.elpolitologoyelpolitico.com.ar\/wordpress\/wp-json\/wp\/v2\/posts\/28393\/revisions"}],"wp:featuredmedia":[{"embeddable":true,"href":"https:\/\/www.elpolitologoyelpolitico.com.ar\/wordpress\/wp-json\/wp\/v2\/media\/28394"}],"wp:attachment":[{"href":"https:\/\/www.elpolitologoyelpolitico.com.ar\/wordpress\/wp-json\/wp\/v2\/media?parent=28393"}],"wp:term":[{"taxonomy":"category","embeddable":true,"href":"https:\/\/www.elpolitologoyelpolitico.com.ar\/wordpress\/wp-json\/wp\/v2\/categories?post=28393"},{"taxonomy":"post_tag","embeddable":true,"href":"https:\/\/www.elpolitologoyelpolitico.com.ar\/wordpress\/wp-json\/wp\/v2\/tags?post=28393"}],"curies":[{"name":"wp","href":"https:\/\/api.w.org\/{rel}","templated":true}]}}