{"id":28363,"date":"2023-02-06T15:41:26","date_gmt":"2023-02-06T15:41:26","guid":{"rendered":"https:\/\/www.elpolitologoyelpolitico.com.ar\/wordpress\/?p=28363"},"modified":"2023-02-07T00:42:42","modified_gmt":"2023-02-07T00:42:42","slug":"girsu-rating-internacional-y-cambio-de-autoridades","status":"publish","type":"post","link":"https:\/\/www.elpolitologoyelpolitico.com.ar\/wordpress\/2023\/02\/06\/girsu-rating-internacional-y-cambio-de-autoridades\/","title":{"rendered":"GIRSU: rating internacional y cambio de autoridades"},"content":{"rendered":"\n<p>El Centro Ambiental Patag\u00f3nico GIRSU, fue postulado por el Banco Interamericano de Desarrollo entre un selecto grupo de prestadores p\u00fablicos en la regi\u00f3n de Municipios y Empresas vinculadas a la higiene urbana y la gesti\u00f3n de residuos. \u00abLa semana que viene estaremos participando de una reuni\u00f3n virtual con la Divisi\u00f3n de Saneamiento del BID en Washington. En la misma nos van a presentar las herramientas para las evaluaciones de desempe\u00f1o a trav\u00e9s de la medici\u00f3n de indicadores y buenas pr\u00e1cticas, para mejorar las prestaciones de nuestro proyecto. Una vez m\u00e1s, en muy poco tiempo recibimos otro reconocimiento internacional, esta vez gracias a la postulaci\u00f3n del Ministerio de Ambiente de la Naci\u00f3n y el BID\u00bb.<\/p>\n\n\n\n<p><strong>Cambio de Autoridades<\/strong><\/p>\n\n\n\n<p>En los primeros d\u00edas de febrero, Gast\u00f3n Guti\u00e9rrez, hasta ahora Gerente General del GIRSU, fue designado por el Gobierno de Viedma como Director Titular, que a su vez ejercer\u00e1 la Presidencia del Directorio del Consorcio durante el a\u00f1o en curso. Junto al Presidente saliente, Guido Bergandi, aprovecharon para hacer un balance sobre el crecimiento durante el a\u00f1os 2022 y los objetivos en el&nbsp; 2023, fundamentalmente para el crecimiento y sustentabilidad del proyecto de Gesti\u00f3n Integral de RSU en la Comarca.<\/p>\n<div class=\"fb-background-color\">\n\t\t\t  <div \n\t\t\t  \tclass = \"fb-comments\" \n\t\t\t  \tdata-href = \"https:\/\/www.elpolitologoyelpolitico.com.ar\/wordpress\/2023\/02\/06\/girsu-rating-internacional-y-cambio-de-autoridades\/\"\n\t\t\t  \tdata-numposts = \"10\"\n\t\t\t  \tdata-lazy = \"true\"\n\t\t\t\tdata-colorscheme = \"light\"\n\t\t\t\tdata-order-by = \"social\"\n\t\t\t\tdata-mobile=true>\n\t\t\t  <\/div><\/div>\n\t\t  <style>\n\t\t    .fb-background-color {\n\t\t\t\tbackground: #ffffff !important;\n\t\t\t}\n\t\t\t.fb_iframe_widget_fluid_desktop iframe {\n\t\t\t    width: 100% !important;\n\t\t\t}\n\t\t  <\/style>\n\t\t  ","protected":false},"excerpt":{"rendered":"<p>El Centro Ambiental Patag\u00f3nico GIRSU, fue postulado por el Banco Interamericano de Desarrollo entre un selecto grupo de prestadores p\u00fablicos en la regi\u00f3n de Municipios y Empresas vinculadas a la higiene urbana y la gesti\u00f3n de residuos. \u00abLa semana que viene estaremos participando de una reuni\u00f3n virtual con la Divisi\u00f3n de Saneamiento del BID en [&hellip;]<\/p>\n","protected":false},"author":4,"featured_media":28392,"comment_status":"closed","ping_status":"closed","sticky":false,"template":"","format":"standard","meta":{"_joinchat":[],"footnotes":""},"categories":[4],"tags":[],"class_list":["post-28363","post","type-post","status-publish","format-standard","has-post-thumbnail","hentry","category-politicas-publicas"],"_links":{"self":[{"href":"https:\/\/www.elpolitologoyelpolitico.com.ar\/wordpress\/wp-json\/wp\/v2\/posts\/28363","targetHints":{"allow":["GET"]}}],"collection":[{"href":"https:\/\/www.elpolitologoyelpolitico.com.ar\/wordpress\/wp-json\/wp\/v2\/posts"}],"about":[{"href":"https:\/\/www.elpolitologoyelpolitico.com.ar\/wordpress\/wp-json\/wp\/v2\/types\/post"}],"author":[{"embeddable":true,"href":"https:\/\/www.elpolitologoyelpolitico.com.ar\/wordpress\/wp-json\/wp\/v2\/users\/4"}],"replies":[{"embeddable":true,"href":"https:\/\/www.elpolitologoyelpolitico.com.ar\/wordpress\/wp-json\/wp\/v2\/comments?post=28363"}],"version-history":[{"count":0,"href":"https:\/\/www.elpolitologoyelpolitico.com.ar\/wordpress\/wp-json\/wp\/v2\/posts\/28363\/revisions"}],"wp:featuredmedia":[{"embeddable":true,"href":"https:\/\/www.elpolitologoyelpolitico.com.ar\/wordpress\/wp-json\/wp\/v2\/media\/28392"}],"wp:attachment":[{"href":"https:\/\/www.elpolitologoyelpolitico.com.ar\/wordpress\/wp-json\/wp\/v2\/media?parent=28363"}],"wp:term":[{"taxonomy":"category","embeddable":true,"href":"https:\/\/www.elpolitologoyelpolitico.com.ar\/wordpress\/wp-json\/wp\/v2\/categories?post=28363"},{"taxonomy":"post_tag","embeddable":true,"href":"https:\/\/www.elpolitologoyelpolitico.com.ar\/wordpress\/wp-json\/wp\/v2\/tags?post=28363"}],"curies":[{"name":"wp","href":"https:\/\/api.w.org\/{rel}","templated":true}]}}