{"id":28355,"date":"2023-02-05T19:42:44","date_gmt":"2023-02-05T19:42:44","guid":{"rendered":"https:\/\/www.elpolitologoyelpolitico.com.ar\/wordpress\/?p=28355"},"modified":"2023-02-05T19:44:04","modified_gmt":"2023-02-05T19:44:04","slug":"la-avenida-peron-ya-tiene-aprobado-su-tramo-final","status":"publish","type":"post","link":"https:\/\/www.elpolitologoyelpolitico.com.ar\/wordpress\/2023\/02\/05\/la-avenida-peron-ya-tiene-aprobado-su-tramo-final\/","title":{"rendered":"La avenida Per\u00f3n ya tiene aprobado su tramo final"},"content":{"rendered":"\n<p>El intendente Pedro Pesatti recibi\u00f3 la confirmaci\u00f3n de la aprobaci\u00f3n del proyecto para la construcci\u00f3n del siguiente tramo de la avenida Presidente Per\u00f3n con ampliaci\u00f3n a cuatro carriles.<\/p>\n\n\n\n<p>Con el tramo aprobado se culmina la avenida hasta su uni\u00f3n con la Ruta Provincial 1 y \u00abse consolida el anillo de circunvalaci\u00f3n de la ciudad\u00bb, manifest\u00f3 el intendente Pesatti.<\/p>\n\n\n\n<p>\u00abSe trata de una obra muy significativa para nuestro gobierno porque cambia el esquema de circulaci\u00f3n de Viedma y establece una nueva columna vertebral de la ciudad, por fuera de los bulevares, integrando a muchos barrios desde un nuevo eje\u00bb, agreg\u00f3 el jefe comunal de la capital rionegrina.<\/p>\n\n\n\n<p>\u00abSe suma a otro grupo de obras dispuestas sobre el mismo segmento comprendido entre la avenida Per\u00f3n y la Ruta 1, que jerarquizan todo el sector\u00bb, indic\u00f3 el mandatario y ejemplific\u00f3 esas obras enumerando a \u00abla Nueva Terminal de \u00d3mnibus, la continuidad del bulevar Ituzaing\u00f3 y el Centro de Desarrollo Infantil\u00bb, entre otras.<\/p>\n<div class=\"fb-background-color\">\n\t\t\t  <div \n\t\t\t  \tclass = \"fb-comments\" \n\t\t\t  \tdata-href = \"https:\/\/www.elpolitologoyelpolitico.com.ar\/wordpress\/2023\/02\/05\/la-avenida-peron-ya-tiene-aprobado-su-tramo-final\/\"\n\t\t\t  \tdata-numposts = \"10\"\n\t\t\t  \tdata-lazy = \"true\"\n\t\t\t\tdata-colorscheme = \"light\"\n\t\t\t\tdata-order-by = \"social\"\n\t\t\t\tdata-mobile=true>\n\t\t\t  <\/div><\/div>\n\t\t  <style>\n\t\t    .fb-background-color {\n\t\t\t\tbackground: #ffffff !important;\n\t\t\t}\n\t\t\t.fb_iframe_widget_fluid_desktop iframe {\n\t\t\t    width: 100% !important;\n\t\t\t}\n\t\t  <\/style>\n\t\t  ","protected":false},"excerpt":{"rendered":"<p>El intendente Pedro Pesatti recibi\u00f3 la confirmaci\u00f3n de la aprobaci\u00f3n del proyecto para la construcci\u00f3n del siguiente tramo de la avenida Presidente Per\u00f3n con ampliaci\u00f3n a cuatro carriles. Con el tramo aprobado se culmina la avenida hasta su uni\u00f3n con la Ruta Provincial 1 y \u00abse consolida el anillo de circunvalaci\u00f3n de la ciudad\u00bb, manifest\u00f3 [&hellip;]<\/p>\n","protected":false},"author":4,"featured_media":28356,"comment_status":"closed","ping_status":"closed","sticky":false,"template":"","format":"standard","meta":{"_joinchat":[],"footnotes":""},"categories":[4],"tags":[],"class_list":["post-28355","post","type-post","status-publish","format-standard","has-post-thumbnail","hentry","category-politicas-publicas"],"_links":{"self":[{"href":"https:\/\/www.elpolitologoyelpolitico.com.ar\/wordpress\/wp-json\/wp\/v2\/posts\/28355","targetHints":{"allow":["GET"]}}],"collection":[{"href":"https:\/\/www.elpolitologoyelpolitico.com.ar\/wordpress\/wp-json\/wp\/v2\/posts"}],"about":[{"href":"https:\/\/www.elpolitologoyelpolitico.com.ar\/wordpress\/wp-json\/wp\/v2\/types\/post"}],"author":[{"embeddable":true,"href":"https:\/\/www.elpolitologoyelpolitico.com.ar\/wordpress\/wp-json\/wp\/v2\/users\/4"}],"replies":[{"embeddable":true,"href":"https:\/\/www.elpolitologoyelpolitico.com.ar\/wordpress\/wp-json\/wp\/v2\/comments?post=28355"}],"version-history":[{"count":0,"href":"https:\/\/www.elpolitologoyelpolitico.com.ar\/wordpress\/wp-json\/wp\/v2\/posts\/28355\/revisions"}],"wp:featuredmedia":[{"embeddable":true,"href":"https:\/\/www.elpolitologoyelpolitico.com.ar\/wordpress\/wp-json\/wp\/v2\/media\/28356"}],"wp:attachment":[{"href":"https:\/\/www.elpolitologoyelpolitico.com.ar\/wordpress\/wp-json\/wp\/v2\/media?parent=28355"}],"wp:term":[{"taxonomy":"category","embeddable":true,"href":"https:\/\/www.elpolitologoyelpolitico.com.ar\/wordpress\/wp-json\/wp\/v2\/categories?post=28355"},{"taxonomy":"post_tag","embeddable":true,"href":"https:\/\/www.elpolitologoyelpolitico.com.ar\/wordpress\/wp-json\/wp\/v2\/tags?post=28355"}],"curies":[{"name":"wp","href":"https:\/\/api.w.org\/{rel}","templated":true}]}}