{"id":28346,"date":"2023-02-04T17:41:12","date_gmt":"2023-02-04T17:41:12","guid":{"rendered":"https:\/\/www.elpolitologoyelpolitico.com.ar\/wordpress\/?p=28346"},"modified":"2023-02-04T17:41:50","modified_gmt":"2023-02-04T17:41:50","slug":"cada-vez-mas-cerca-la-finalizacion-del-centro-de-desarrollo-infantil-de-viedma","status":"publish","type":"post","link":"https:\/\/www.elpolitologoyelpolitico.com.ar\/wordpress\/2023\/02\/04\/cada-vez-mas-cerca-la-finalizacion-del-centro-de-desarrollo-infantil-de-viedma\/","title":{"rendered":"Cada vez m\u00e1s cerca la finalizaci\u00f3n del Centro de Desarrollo Infantil de Viedma"},"content":{"rendered":"\n<p>El intendente Pedro Pesatti supervis\u00f3 junto al jefe de Gabinete Marcos Castro el avance de obras del Centro de Desarrollo Infantil de Viedma, que estar\u00e1 dotado para atender los aspectos nutricionales, la estimulaci\u00f3n temprana y la psicomotricidad de los ni\u00f1os y ni\u00f1as m\u00e1s vulnerables.<\/p>\n\n\n\n<p>Se trata de otra de las obras que en la capital de los rionegrinos se financia con fondos del Estado Federal, a trav\u00e9s del Ministerio de Obras P\u00fablicas de la Naci\u00f3n.<\/p>\n\n\n\n<p>Llegar\u00e1n adem\u00e1s fondos del Ministerio de Desarrollo Social de la Naci\u00f3n para la adquisici\u00f3n de equipamiento y mobiliarios.<\/p>\n\n\n\n<p>El nuevo centro se ubicar\u00e1 sobre la calle 106 y la 26 del sector Patagonia del barrio Lavalle.<\/p>\n\n\n\n<p>Positiva fue la impresi\u00f3n que se llev\u00f3 el intendente de esta recorrida, al corroborar un avance cercano al 75 por ciento de la obra total, y con chances de ser terminado en el corto plazo.<\/p>\n\n\n\n<p>Acompa\u00f1\u00f3 al mandatario comunal y Marcos Castro el secretario de Desarrollo Territorial, H\u00e1bitat y Obras P\u00fablicas Gast\u00f3n Renda, quien inform\u00f3 que en la actualidad, se avanzan en detalles, con construcci\u00f3n en seco de moderno dise\u00f1o.<\/p>\n\n\n\n<p>El funcionario indic\u00f3 que se cubrieron 300 metros cuadrados en cuatro aulas, dos salas de lactancia, sanitarios, cocina y espacios comunes.<\/p>\n\n\n\n<figure class=\"wp-block-image size-full\"><img fetchpriority=\"high\" decoding=\"async\" width=\"720\" height=\"467\" src=\"https:\/\/www.elpolitologoyelpolitico.com.ar\/wp-content\/uploads\/2023\/02\/IMG-20230204-WA0008.jpg\" alt=\"\" class=\"wp-image-28348\" srcset=\"https:\/\/www.elpolitologoyelpolitico.com.ar\/wp-content\/uploads\/2023\/02\/IMG-20230204-WA0008.jpg 720w, https:\/\/www.elpolitologoyelpolitico.com.ar\/wp-content\/uploads\/2023\/02\/IMG-20230204-WA0008-300x195.jpg 300w\" sizes=\"(max-width: 720px) 100vw, 720px\" \/><\/figure>\n<div class=\"fb-background-color\">\n\t\t\t  <div \n\t\t\t  \tclass = \"fb-comments\" \n\t\t\t  \tdata-href = \"https:\/\/www.elpolitologoyelpolitico.com.ar\/wordpress\/2023\/02\/04\/cada-vez-mas-cerca-la-finalizacion-del-centro-de-desarrollo-infantil-de-viedma\/\"\n\t\t\t  \tdata-numposts = \"10\"\n\t\t\t  \tdata-lazy = \"true\"\n\t\t\t\tdata-colorscheme = \"light\"\n\t\t\t\tdata-order-by = \"social\"\n\t\t\t\tdata-mobile=true>\n\t\t\t  <\/div><\/div>\n\t\t  <style>\n\t\t    .fb-background-color {\n\t\t\t\tbackground: #ffffff !important;\n\t\t\t}\n\t\t\t.fb_iframe_widget_fluid_desktop iframe {\n\t\t\t    width: 100% !important;\n\t\t\t}\n\t\t  <\/style>\n\t\t  ","protected":false},"excerpt":{"rendered":"<p>El intendente Pedro Pesatti supervis\u00f3 junto al jefe de Gabinete Marcos Castro el avance de obras del Centro de Desarrollo Infantil de Viedma, que estar\u00e1 dotado para atender los aspectos nutricionales, la estimulaci\u00f3n temprana y la psicomotricidad de los ni\u00f1os y ni\u00f1as m\u00e1s vulnerables. Se trata de otra de las obras que en la capital [&hellip;]<\/p>\n","protected":false},"author":4,"featured_media":28347,"comment_status":"closed","ping_status":"closed","sticky":false,"template":"","format":"standard","meta":{"_joinchat":[],"footnotes":""},"categories":[4],"tags":[],"class_list":["post-28346","post","type-post","status-publish","format-standard","has-post-thumbnail","hentry","category-politicas-publicas"],"_links":{"self":[{"href":"https:\/\/www.elpolitologoyelpolitico.com.ar\/wordpress\/wp-json\/wp\/v2\/posts\/28346","targetHints":{"allow":["GET"]}}],"collection":[{"href":"https:\/\/www.elpolitologoyelpolitico.com.ar\/wordpress\/wp-json\/wp\/v2\/posts"}],"about":[{"href":"https:\/\/www.elpolitologoyelpolitico.com.ar\/wordpress\/wp-json\/wp\/v2\/types\/post"}],"author":[{"embeddable":true,"href":"https:\/\/www.elpolitologoyelpolitico.com.ar\/wordpress\/wp-json\/wp\/v2\/users\/4"}],"replies":[{"embeddable":true,"href":"https:\/\/www.elpolitologoyelpolitico.com.ar\/wordpress\/wp-json\/wp\/v2\/comments?post=28346"}],"version-history":[{"count":0,"href":"https:\/\/www.elpolitologoyelpolitico.com.ar\/wordpress\/wp-json\/wp\/v2\/posts\/28346\/revisions"}],"wp:featuredmedia":[{"embeddable":true,"href":"https:\/\/www.elpolitologoyelpolitico.com.ar\/wordpress\/wp-json\/wp\/v2\/media\/28347"}],"wp:attachment":[{"href":"https:\/\/www.elpolitologoyelpolitico.com.ar\/wordpress\/wp-json\/wp\/v2\/media?parent=28346"}],"wp:term":[{"taxonomy":"category","embeddable":true,"href":"https:\/\/www.elpolitologoyelpolitico.com.ar\/wordpress\/wp-json\/wp\/v2\/categories?post=28346"},{"taxonomy":"post_tag","embeddable":true,"href":"https:\/\/www.elpolitologoyelpolitico.com.ar\/wordpress\/wp-json\/wp\/v2\/tags?post=28346"}],"curies":[{"name":"wp","href":"https:\/\/api.w.org\/{rel}","templated":true}]}}