{"id":28342,"date":"2023-02-04T16:05:37","date_gmt":"2023-02-04T16:05:37","guid":{"rendered":"https:\/\/www.elpolitologoyelpolitico.com.ar\/wordpress\/?p=28342"},"modified":"2023-02-04T16:06:04","modified_gmt":"2023-02-04T16:06:04","slug":"patagones-vecinos-pueden-solicitar-sus-reclamos-por-el-alumbrado-publico","status":"publish","type":"post","link":"https:\/\/www.elpolitologoyelpolitico.com.ar\/wordpress\/2023\/02\/04\/patagones-vecinos-pueden-solicitar-sus-reclamos-por-el-alumbrado-publico\/","title":{"rendered":"PATAGONES: Vecinos pueden solicitar sus reclamos por el Alumbrado P\u00fablico"},"content":{"rendered":"\n<p>La Direcci\u00f3n de Alumbrado P\u00fablico de la Municipalidad de Patagones, dependiente de la Subsecretar\u00eda de Servicios P\u00fablicos, informa a la comunidad que cuenta con dos l\u00edneas m\u00f3viles de atenci\u00f3n telef\u00f3nica ante reclamos por la prestaci\u00f3n de este servicio.<\/p>\n\n\n\n<p>Las mismas son 2920-447055 y 2920-362757.<\/p>\n<div class=\"fb-background-color\">\n\t\t\t  <div \n\t\t\t  \tclass = \"fb-comments\" \n\t\t\t  \tdata-href = \"https:\/\/www.elpolitologoyelpolitico.com.ar\/wordpress\/2023\/02\/04\/patagones-vecinos-pueden-solicitar-sus-reclamos-por-el-alumbrado-publico\/\"\n\t\t\t  \tdata-numposts = \"10\"\n\t\t\t  \tdata-lazy = \"true\"\n\t\t\t\tdata-colorscheme = \"light\"\n\t\t\t\tdata-order-by = \"social\"\n\t\t\t\tdata-mobile=true>\n\t\t\t  <\/div><\/div>\n\t\t  <style>\n\t\t    .fb-background-color {\n\t\t\t\tbackground: #ffffff !important;\n\t\t\t}\n\t\t\t.fb_iframe_widget_fluid_desktop iframe {\n\t\t\t    width: 100% !important;\n\t\t\t}\n\t\t  <\/style>\n\t\t  ","protected":false},"excerpt":{"rendered":"<p>La Direcci\u00f3n de Alumbrado P\u00fablico de la Municipalidad de Patagones, dependiente de la Subsecretar\u00eda de Servicios P\u00fablicos, informa a la comunidad que cuenta con dos l\u00edneas m\u00f3viles de atenci\u00f3n telef\u00f3nica ante reclamos por la prestaci\u00f3n de este servicio. Las mismas son 2920-447055 y 2920-362757.<\/p>\n","protected":false},"author":4,"featured_media":28343,"comment_status":"closed","ping_status":"closed","sticky":false,"template":"","format":"standard","meta":{"_joinchat":[],"footnotes":""},"categories":[4],"tags":[],"class_list":["post-28342","post","type-post","status-publish","format-standard","has-post-thumbnail","hentry","category-politicas-publicas"],"_links":{"self":[{"href":"https:\/\/www.elpolitologoyelpolitico.com.ar\/wordpress\/wp-json\/wp\/v2\/posts\/28342","targetHints":{"allow":["GET"]}}],"collection":[{"href":"https:\/\/www.elpolitologoyelpolitico.com.ar\/wordpress\/wp-json\/wp\/v2\/posts"}],"about":[{"href":"https:\/\/www.elpolitologoyelpolitico.com.ar\/wordpress\/wp-json\/wp\/v2\/types\/post"}],"author":[{"embeddable":true,"href":"https:\/\/www.elpolitologoyelpolitico.com.ar\/wordpress\/wp-json\/wp\/v2\/users\/4"}],"replies":[{"embeddable":true,"href":"https:\/\/www.elpolitologoyelpolitico.com.ar\/wordpress\/wp-json\/wp\/v2\/comments?post=28342"}],"version-history":[{"count":0,"href":"https:\/\/www.elpolitologoyelpolitico.com.ar\/wordpress\/wp-json\/wp\/v2\/posts\/28342\/revisions"}],"wp:featuredmedia":[{"embeddable":true,"href":"https:\/\/www.elpolitologoyelpolitico.com.ar\/wordpress\/wp-json\/wp\/v2\/media\/28343"}],"wp:attachment":[{"href":"https:\/\/www.elpolitologoyelpolitico.com.ar\/wordpress\/wp-json\/wp\/v2\/media?parent=28342"}],"wp:term":[{"taxonomy":"category","embeddable":true,"href":"https:\/\/www.elpolitologoyelpolitico.com.ar\/wordpress\/wp-json\/wp\/v2\/categories?post=28342"},{"taxonomy":"post_tag","embeddable":true,"href":"https:\/\/www.elpolitologoyelpolitico.com.ar\/wordpress\/wp-json\/wp\/v2\/tags?post=28342"}],"curies":[{"name":"wp","href":"https:\/\/api.w.org\/{rel}","templated":true}]}}