{"id":28338,"date":"2023-02-04T15:53:03","date_gmt":"2023-02-04T15:53:03","guid":{"rendered":"https:\/\/www.elpolitologoyelpolitico.com.ar\/wordpress\/?p=28338"},"modified":"2023-02-04T16:00:40","modified_gmt":"2023-02-04T16:00:40","slug":"unidades-basicas-y-agrupaciones-del-pj-de-rio-negro-rechazaron-el-acuerdo-donate-weretilneck-y-criticaron-la-situacion-del-partido-en-la-provincia","status":"publish","type":"post","link":"https:\/\/www.elpolitologoyelpolitico.com.ar\/wordpress\/2023\/02\/04\/unidades-basicas-y-agrupaciones-del-pj-de-rio-negro-rechazaron-el-acuerdo-donate-weretilneck-y-criticaron-la-situacion-del-partido-en-la-provincia\/","title":{"rendered":"Unidades B\u00e1sicas y Agrupaciones del PJ de R\u00edo Negro rechazaron el acuerdo Do\u00f1ate- Weretilneck y criticaron la situaci\u00f3n del Partido en la Provincia"},"content":{"rendered":"\n<p>Contin\u00faan las diferencias en la Provincia de R\u00edo Negro por el acuerdo de Do\u00f1ate- Weretilneck.&nbsp;<\/p>\n\n\n\n<p>Las unidades b\u00e1sicas y agrupaciones del PJ en R\u00edo Negro siguen molestos por el acuerdo de Nos Une R\u00edo Negro y criticaron el presente del Partido Justicialista en la Provincia;&nbsp;<\/p>\n\n\n\n<p><strong>\u201cPor medio del presente, las UNIDADES BASICAS y Agrupaciones abajo firmantes queremos hacer p\u00fablico, con el mayor \u00e9nfasis posible, nuestros claro e indeclinable posicionamiento pol\u00edtico frente al presente que vive el Partido Justicialista Distrito Rio Negro\u201d.<\/strong><\/p>\n\n\n\n<p>Agregaron <strong>\u201cNo formamos parte ni acompa\u00f1amos de ning\u00fan modo, ni bajo ninguna justificaci\u00f3n la entrega del Partido Justicialista a las \u00f3rdenes de JSRN; no acompa\u00f1amos la idea de proyecto a largo plazo en una uni\u00f3n a 50 a\u00f1os, no creemos que sea la forma de ayudar a ning\u00fan rionegrino ni a ninguna rionegrina m\u00e1s que a quienes miserablemente van a verse beneficiados ocupando las listas de JSRN como Extrapartidarios (mientras mantienen afiliaci\u00f3n y cargos en el PJ) ni en las listas de UNEN\u201d<\/strong><\/p>\n\n\n\n<p>Muchos afiliados y seguidores de la Unidad B\u00e1sica No Me Olvides, La Abanderada, 3 Banderas, Agrupaci\u00f3n 17 de Noviembre, entre otras, est\u00e1n enojados por ciertas decisiones que esta tomando Mart\u00edn Do\u00f1ate e indicaron<strong> \u201cRepudiamos las puertas cerradas del PJ, repudiamos la toma de decisiones a espaldas de los Afiliados, repudiamos la entrega del PJ\u201d.<\/strong><\/p>\n<div class=\"fb-background-color\">\n\t\t\t  <div \n\t\t\t  \tclass = \"fb-comments\" \n\t\t\t  \tdata-href = \"https:\/\/www.elpolitologoyelpolitico.com.ar\/wordpress\/2023\/02\/04\/unidades-basicas-y-agrupaciones-del-pj-de-rio-negro-rechazaron-el-acuerdo-donate-weretilneck-y-criticaron-la-situacion-del-partido-en-la-provincia\/\"\n\t\t\t  \tdata-numposts = \"10\"\n\t\t\t  \tdata-lazy = \"true\"\n\t\t\t\tdata-colorscheme = \"light\"\n\t\t\t\tdata-order-by = \"social\"\n\t\t\t\tdata-mobile=true>\n\t\t\t  <\/div><\/div>\n\t\t  <style>\n\t\t    .fb-background-color {\n\t\t\t\tbackground: #ffffff !important;\n\t\t\t}\n\t\t\t.fb_iframe_widget_fluid_desktop iframe {\n\t\t\t    width: 100% !important;\n\t\t\t}\n\t\t  <\/style>\n\t\t  ","protected":false},"excerpt":{"rendered":"<p>Contin\u00faan las diferencias en la Provincia de R\u00edo Negro por el acuerdo de Do\u00f1ate- Weretilneck.&nbsp; Las unidades b\u00e1sicas y agrupaciones del PJ en R\u00edo Negro siguen molestos por el acuerdo de Nos Une R\u00edo Negro y criticaron el presente del Partido Justicialista en la Provincia;&nbsp; \u201cPor medio del presente, las UNIDADES BASICAS y Agrupaciones abajo [&hellip;]<\/p>\n","protected":false},"author":4,"featured_media":28339,"comment_status":"closed","ping_status":"closed","sticky":false,"template":"","format":"standard","meta":{"_joinchat":[],"footnotes":""},"categories":[5],"tags":[],"class_list":["post-28338","post","type-post","status-publish","format-standard","has-post-thumbnail","hentry","category-partidos-politicos"],"_links":{"self":[{"href":"https:\/\/www.elpolitologoyelpolitico.com.ar\/wordpress\/wp-json\/wp\/v2\/posts\/28338","targetHints":{"allow":["GET"]}}],"collection":[{"href":"https:\/\/www.elpolitologoyelpolitico.com.ar\/wordpress\/wp-json\/wp\/v2\/posts"}],"about":[{"href":"https:\/\/www.elpolitologoyelpolitico.com.ar\/wordpress\/wp-json\/wp\/v2\/types\/post"}],"author":[{"embeddable":true,"href":"https:\/\/www.elpolitologoyelpolitico.com.ar\/wordpress\/wp-json\/wp\/v2\/users\/4"}],"replies":[{"embeddable":true,"href":"https:\/\/www.elpolitologoyelpolitico.com.ar\/wordpress\/wp-json\/wp\/v2\/comments?post=28338"}],"version-history":[{"count":0,"href":"https:\/\/www.elpolitologoyelpolitico.com.ar\/wordpress\/wp-json\/wp\/v2\/posts\/28338\/revisions"}],"wp:featuredmedia":[{"embeddable":true,"href":"https:\/\/www.elpolitologoyelpolitico.com.ar\/wordpress\/wp-json\/wp\/v2\/media\/28339"}],"wp:attachment":[{"href":"https:\/\/www.elpolitologoyelpolitico.com.ar\/wordpress\/wp-json\/wp\/v2\/media?parent=28338"}],"wp:term":[{"taxonomy":"category","embeddable":true,"href":"https:\/\/www.elpolitologoyelpolitico.com.ar\/wordpress\/wp-json\/wp\/v2\/categories?post=28338"},{"taxonomy":"post_tag","embeddable":true,"href":"https:\/\/www.elpolitologoyelpolitico.com.ar\/wordpress\/wp-json\/wp\/v2\/tags?post=28338"}],"curies":[{"name":"wp","href":"https:\/\/api.w.org\/{rel}","templated":true}]}}