{"id":28290,"date":"2023-02-03T01:44:30","date_gmt":"2023-02-03T01:44:30","guid":{"rendered":"https:\/\/www.elpolitologoyelpolitico.com.ar\/wordpress\/?p=28290"},"modified":"2023-02-03T01:45:04","modified_gmt":"2023-02-03T01:45:04","slug":"continuan-las-tareas-de-fumigacion-en-carmen-de-patagones","status":"publish","type":"post","link":"https:\/\/www.elpolitologoyelpolitico.com.ar\/wordpress\/2023\/02\/03\/continuan-las-tareas-de-fumigacion-en-carmen-de-patagones\/","title":{"rendered":"Contin\u00faan las tareas de fumigaci\u00f3n en Carmen de Patagones"},"content":{"rendered":"\n<p>El \u00e1rea de Zoonosis, dependiente de la Secretar\u00eda de Salud, realiz\u00f3 este mi\u00e9rcoles, en horario nocturno, tareas de fumigaci\u00f3n en la villa mar\u00edtima 7 de Marzo.<\/p>\n\n\n\n<p>Asimismo informa a la comunidad que este jueves y viernes por la noche, desde las 00 hs. y hasta las 6, ante el pedido de los vecinos, se vuelve a fumigar en la zona&nbsp; comprendida entre Juan de la Piedra y Ruta N\u00ba 3,.&nbsp; Villa Dolores, Villa Rita, Morando, Procrear, La Loma, Barrio Obrero, Barrio Kirchner, Rampla, Parque Industrial, y Barrio Ferrocarril.<\/p>\n\n\n\n<p>Cabe destacar que estas zonas ya hab\u00edan sido fumigadas fumigado la semana anterior. <\/p>\n\n\n\n<figure class=\"wp-block-image size-large\"><img fetchpriority=\"high\" decoding=\"async\" width=\"1024\" height=\"576\" src=\"https:\/\/www.elpolitologoyelpolitico.com.ar\/wp-content\/uploads\/2023\/02\/IMG-20230202-WA0029-1024x576.jpg\" alt=\"\" class=\"wp-image-28292\" srcset=\"https:\/\/www.elpolitologoyelpolitico.com.ar\/wp-content\/uploads\/2023\/02\/IMG-20230202-WA0029-1024x576.jpg 1024w, https:\/\/www.elpolitologoyelpolitico.com.ar\/wp-content\/uploads\/2023\/02\/IMG-20230202-WA0029-300x169.jpg 300w, https:\/\/www.elpolitologoyelpolitico.com.ar\/wp-content\/uploads\/2023\/02\/IMG-20230202-WA0029-768x432.jpg 768w, https:\/\/www.elpolitologoyelpolitico.com.ar\/wp-content\/uploads\/2023\/02\/IMG-20230202-WA0029.jpg 1040w\" sizes=\"(max-width: 1024px) 100vw, 1024px\" \/><\/figure>\n<div class=\"fb-background-color\">\n\t\t\t  <div \n\t\t\t  \tclass = \"fb-comments\" \n\t\t\t  \tdata-href = \"https:\/\/www.elpolitologoyelpolitico.com.ar\/wordpress\/2023\/02\/03\/continuan-las-tareas-de-fumigacion-en-carmen-de-patagones\/\"\n\t\t\t  \tdata-numposts = \"10\"\n\t\t\t  \tdata-lazy = \"true\"\n\t\t\t\tdata-colorscheme = \"light\"\n\t\t\t\tdata-order-by = \"social\"\n\t\t\t\tdata-mobile=true>\n\t\t\t  <\/div><\/div>\n\t\t  <style>\n\t\t    .fb-background-color {\n\t\t\t\tbackground: #ffffff !important;\n\t\t\t}\n\t\t\t.fb_iframe_widget_fluid_desktop iframe {\n\t\t\t    width: 100% !important;\n\t\t\t}\n\t\t  <\/style>\n\t\t  ","protected":false},"excerpt":{"rendered":"<p>El \u00e1rea de Zoonosis, dependiente de la Secretar\u00eda de Salud, realiz\u00f3 este mi\u00e9rcoles, en horario nocturno, tareas de fumigaci\u00f3n en la villa mar\u00edtima 7 de Marzo. Asimismo informa a la comunidad que este jueves y viernes por la noche, desde las 00 hs. y hasta las 6, ante el pedido de los vecinos, se vuelve [&hellip;]<\/p>\n","protected":false},"author":4,"featured_media":28291,"comment_status":"closed","ping_status":"closed","sticky":false,"template":"","format":"standard","meta":{"_joinchat":[],"footnotes":""},"categories":[4],"tags":[],"class_list":["post-28290","post","type-post","status-publish","format-standard","has-post-thumbnail","hentry","category-politicas-publicas"],"_links":{"self":[{"href":"https:\/\/www.elpolitologoyelpolitico.com.ar\/wordpress\/wp-json\/wp\/v2\/posts\/28290","targetHints":{"allow":["GET"]}}],"collection":[{"href":"https:\/\/www.elpolitologoyelpolitico.com.ar\/wordpress\/wp-json\/wp\/v2\/posts"}],"about":[{"href":"https:\/\/www.elpolitologoyelpolitico.com.ar\/wordpress\/wp-json\/wp\/v2\/types\/post"}],"author":[{"embeddable":true,"href":"https:\/\/www.elpolitologoyelpolitico.com.ar\/wordpress\/wp-json\/wp\/v2\/users\/4"}],"replies":[{"embeddable":true,"href":"https:\/\/www.elpolitologoyelpolitico.com.ar\/wordpress\/wp-json\/wp\/v2\/comments?post=28290"}],"version-history":[{"count":0,"href":"https:\/\/www.elpolitologoyelpolitico.com.ar\/wordpress\/wp-json\/wp\/v2\/posts\/28290\/revisions"}],"wp:featuredmedia":[{"embeddable":true,"href":"https:\/\/www.elpolitologoyelpolitico.com.ar\/wordpress\/wp-json\/wp\/v2\/media\/28291"}],"wp:attachment":[{"href":"https:\/\/www.elpolitologoyelpolitico.com.ar\/wordpress\/wp-json\/wp\/v2\/media?parent=28290"}],"wp:term":[{"taxonomy":"category","embeddable":true,"href":"https:\/\/www.elpolitologoyelpolitico.com.ar\/wordpress\/wp-json\/wp\/v2\/categories?post=28290"},{"taxonomy":"post_tag","embeddable":true,"href":"https:\/\/www.elpolitologoyelpolitico.com.ar\/wordpress\/wp-json\/wp\/v2\/tags?post=28290"}],"curies":[{"name":"wp","href":"https:\/\/api.w.org\/{rel}","templated":true}]}}